{"id":273727,"date":"2025-06-23T20:31:30","date_gmt":"2025-06-23T20:31:30","guid":{"rendered":"https:\/\/ami.mr\/fr\/?p=273727"},"modified":"2025-06-23T20:31:30","modified_gmt":"2025-06-23T20:31:30","slug":"le-wali-du-hodh-charhui-preside-une-reunion-avec-les-directeurs-regionaux-sur-le-deroulement-du-processus-de-developpement-dans-la-wilaya","status":"publish","type":"post","link":"https:\/\/ami.mr\/fr\/archives\/273727","title":{"rendered":"Le Wali du Hodh Charhui pr\u00e9side une r\u00e9union avec les directeurs r\u00e9gionaux sur le d\u00e9roulement du processus de d\u00e9veloppement dans la Wilaya"},"content":{"rendered":"<div class=\"row\"><\/div>\n<div class=\"row\">\n<div class=\"cell auto-size\">\n<div class=\"set-border bd-gray padding10 margin10 no-margin-right no-margin-left \" dir=\"ltr\">\n<p>Le Wali du Hodh Charghi, M. Isselmou Ould Sidi, a pr\u00e9sid\u00e9, ce lundi, une r\u00e9union g\u00e9n\u00e9rale avec les chefs des services r\u00e9gionaux au niveau de la Wilaya.<\/p>\n<p>Cette r\u00e9union p\u00e9riodique s&#8217;inscrit dans le cadre du renforcement et du d\u00e9veloppement de l&#8217;action gouvernementale au niveau de la Wilaya et du suivi de la mise en \u0153uvre des programmes et projets de d\u00e9veloppement nationaux men\u00e9s en coop\u00e9ration avec les partenaires internationaux.<\/p>\n<p>La r\u00e9union a abord\u00e9 de nombreux sujets li\u00e9s \u00e0 la gestion des services publics, \u00e0 l&#8217;interaction positive avec tous les citoyens, au rapprochement des services publics et \u00e0 l&#8217;application des politiques g\u00e9n\u00e9rales dans les diff\u00e9rents domaines de d\u00e9veloppement de la Wilaya.<\/p>\n<p>Le Wali a soulign\u00e9, dans son discours, la n\u00e9cessit\u00e9 de respecter les hautes instructions de Son Excellence le Pr\u00e9sident de la R\u00e9publique, M. Mohamed Ould Cheikh El Ghazouani, visant \u00e0 cr\u00e9er une renaissance globale du d\u00e9veloppement dans le cadre du renforcement et du d\u00e9veloppement des infrastructures, et \u00e0 veiller \u00e0 ce que le travail dans les services r\u00e9gionaux se d\u00e9roule \u00e0 un rythme qui r\u00e9ponde aux aspirations des citoyens, soit conforme aux politiques publiques et confirme le d\u00e9sir sinc\u00e8re d&#8217;am\u00e9liorer les services publics par la concr\u00e9tisation de leurs r\u00e9sultats sur le terrain.<\/p>\n<p>Il a affirm\u00e9 que toute n\u00e9gligence dans les t\u00e2ches assign\u00e9es \u00e0 un secteur est incompatible avec l&#8217;orientation g\u00e9n\u00e9rale, soulignant que la pr\u00e9sence quotidienne, le suivi des dossiers, l&#8217;am\u00e9lioration des performances des employ\u00e9s et le d\u00e9veloppement de leurs comp\u00e9tences contribueront \u00e0 la concr\u00e9tisation de cette orientation constructive.<\/p>\n<p>Le Wali a insist\u00e9 sur la n\u00e9cessit\u00e9 de suivre directement la mise en \u0153uvre des programmes et projets afin de contr\u00f4ler les interventions et de les ex\u00e9cuter conform\u00e9ment aux normes requises.<\/p>\n<p>Il a rappel\u00e9 l&#8217;obligation de rigueur dans l&#8217;application des instructions, soulignant que la Wilaya b\u00e9n\u00e9ficiera de nombreux projets dont l&#8217;enveloppe financi\u00e8re a atteint quarante milliards d&#8217;ouguiyas, en plus des programmes financ\u00e9s par les partenaires, soulignant qu&#8217;ils apporteront un changement qualitatif dans la Wilaya.<\/p>\n<p>Il a \u00e9galement appel\u00e9 \u00e0 veiller \u00e0 la mise en \u0153uvre de ces politiques et \u00e0 les accompagner de tout ce qui sert le d\u00e9veloppement dans la Wilaya du Hodh Charghi.<\/p>\n<p>La r\u00e9union s&#8217;est d\u00e9roul\u00e9e en pr\u00e9sence du Hakem de N\u00e9ma et des autorit\u00e9s administratives et s\u00e9curitaires de la Wilaya.<\/p>\n<\/div>\n<\/div>\n<\/div>\n","protected":false},"excerpt":{"rendered":"<p>Le Wali du Hodh Charghi, M. Isselmou Ould Sidi, a pr\u00e9sid\u00e9, ce lundi, une r\u00e9union g\u00e9n\u00e9rale avec les chefs des services r\u00e9gionaux au niveau de la Wilaya. Cette r\u00e9union p\u00e9riodique s&#8217;inscrit dans le cadre du renforcement et du d\u00e9veloppement de l&#8217;action gouvernementale au niveau de la Wilaya et du suivi de la mise en \u0153uvre [&hellip;]<\/p>\n","protected":false},"author":8,"featured_media":273737,"comment_status":"open","ping_status":"open","sticky":false,"template":"","format":"standard","meta":{"footnotes":""},"categories":[63918,63957],"tags":[],"class_list":["post-273727","post","type-post","status-publish","format-standard","has-post-thumbnail","hentry","category-autres","category-fil-dactualite"],"_links":{"self":[{"href":"https:\/\/ami.mr\/fr\/wp-json\/wp\/v2\/posts\/273727","targetHints":{"allow":["GET"]}}],"collection":[{"href":"https:\/\/ami.mr\/fr\/wp-json\/wp\/v2\/posts"}],"about":[{"href":"https:\/\/ami.mr\/fr\/wp-json\/wp\/v2\/types\/post"}],"author":[{"embeddable":true,"href":"https:\/\/ami.mr\/fr\/wp-json\/wp\/v2\/users\/8"}],"replies":[{"embeddable":true,"href":"https:\/\/ami.mr\/fr\/wp-json\/wp\/v2\/comments?post=273727"}],"version-history":[{"count":1,"href":"https:\/\/ami.mr\/fr\/wp-json\/wp\/v2\/posts\/273727\/revisions"}],"predecessor-version":[{"id":273738,"href":"https:\/\/ami.mr\/fr\/wp-json\/wp\/v2\/posts\/273727\/revisions\/273738"}],"wp:featuredmedia":[{"embeddable":true,"href":"https:\/\/ami.mr\/fr\/wp-json\/wp\/v2\/media\/273737"}],"wp:attachment":[{"href":"https:\/\/ami.mr\/fr\/wp-json\/wp\/v2\/media?parent=273727"}],"wp:term":[{"taxonomy":"category","embeddable":true,"href":"https:\/\/ami.mr\/fr\/wp-json\/wp\/v2\/categories?post=273727"},{"taxonomy":"post_tag","embeddable":true,"href":"https:\/\/ami.mr\/fr\/wp-json\/wp\/v2\/tags?post=273727"}],"curies":[{"name":"wp","href":"https:\/\/api.w.org\/{rel}","templated":true}]}}