{"id":273724,"date":"2025-06-23T19:47:10","date_gmt":"2025-06-23T19:47:10","guid":{"rendered":"https:\/\/ami.mr\/fr\/?p=273724"},"modified":"2025-06-23T19:47:10","modified_gmt":"2025-06-23T19:47:10","slug":"le-wali-du-gorgol-supervise-le-lancement-de-lexploitation-du-marche-de-betail-de-kaedi","status":"publish","type":"post","link":"https:\/\/ami.mr\/fr\/archives\/273724","title":{"rendered":"Le Wali du Gorgol supervise le lancement de l&#8217;exploitation du march\u00e9 de b\u00e9tail de Ka\u00e9di"},"content":{"rendered":"<div class=\"row\"><\/div>\n<div class=\"row\">\n<div class=\"cell auto-size\">\n<div class=\"set-border bd-gray padding10 margin10 no-margin-right no-margin-left \" dir=\"ltr\">\n<p>Le Wali du Gorgol, M. Mohamed Mokhtar Ould Abdi, accompagn\u00e9 du Conseiller charg\u00e9 de la sant\u00e9 animale au Minist\u00e8re de l&#8217;Elevage, M. Brahim Ould Taleb Moussa, a supervis\u00e9, aujourd&#8217;hui lundi, le lancement de l&#8217;exploitation du march\u00e9 de b\u00e9tail de Ka\u00e9di, construit par le Projet R\u00e9gional d&#8217;Appui au Syst\u00e8me Pastoral au Sahel.<\/p>\n<p>Cette importante infrastructure vitale dispose de tous les moyens n\u00e9cessaires pour l&#8217;\u00e9tablissement d&#8217;un march\u00e9 moderne, en plus d&#8217;un logement pour les gardiens, des estrades sp\u00e9ciales pour le repos des vendeurs, des b\u00e2timents administratifs pour le comit\u00e9 de gestion du march\u00e9, et d&#8217;autres pour les \u00e9quipes de s\u00e9curit\u00e9 charg\u00e9es de sa surveillance.<\/p>\n<p>Le Wali a soulign\u00e9, dans un discours \u00e0 cette occasion, que l&#8217;ouverture de ce march\u00e9 cr\u00e9\u00e9 sur instruction du Ministre de l&#8217;Elevage, s&#8217;inscrit dans le cadre de la modernisation et du d\u00e9veloppement du secteur de l&#8217;\u00e9levage au niveau de la Wilaya.<\/p>\n<p>Il a ajout\u00e9 que pour activer cette infrastructure, la municipalit\u00e9, en coop\u00e9ration avec la Moughataa et le Comit\u00e9 R\u00e9gional de D\u00e9veloppement au niveau de la Wilaya, a pris toutes les mesures n\u00e9cessaires pour relancer l&#8217;activit\u00e9 de ce march\u00e9 et y orienter les vendeurs et les acheteurs.<\/p>\n<p>Il a indiqu\u00e9 que le Minist\u00e8re de l&#8217;Elevage a d\u00e9p\u00each\u00e9 une d\u00e9l\u00e9gation de haut niveau, pr\u00e9sid\u00e9e par le Conseiller charg\u00e9 de la sant\u00e9 animale et le Coordonnateur de l&#8217;appui au syst\u00e8me pastoral au Sahel, pour \u00e9valuer sur le terrain l&#8217;\u00e9tat de ce march\u00e9 et identifier les probl\u00e8mes rencontr\u00e9s par les travailleurs, qui seront r\u00e9solus et concr\u00e9tis\u00e9s sur le terrain dans les plus brefs d\u00e9lais.<\/p>\n<p>Le Wali a promis aux travailleurs de ce march\u00e9 que les autorit\u00e9s, si Dieu le veut, leur apporteront aide et soutien dans tout ce dont ils auront besoin et prendront toutes les mesures pour emp\u00eacher toute activit\u00e9 de ce type en dehors de ce march\u00e9.<\/p>\n<p>Le Conseiller charg\u00e9 de la sant\u00e9 animale a, \u00e0 son tour, exprim\u00e9 la volont\u00e9 du Minist\u00e8re de l&#8217;Elevage de r\u00e9pondre \u00e0 toutes les demandes n\u00e9cessaires pr\u00e9sent\u00e9es par les travailleurs de ce domaine, invitant chacun \u00e0 se rendre dans cette infrastructure vitale qui dispose de la plupart des moyens n\u00e9cessaires pour l&#8217;\u00e9tablissement d&#8217;un march\u00e9 moderne.<\/p>\n<p>De son c\u00f4t\u00e9, le Maire de la commune de Ka\u00e9di, M. Demba N&#8217;Diaye, a exprim\u00e9, au nom des habitants de la ville de Ka\u00e9di, sa joie de la r\u00e9ouverture de ce march\u00e9 qui est rest\u00e9 inactif pendant six ans, soulignant que ce march\u00e9 \u00e9tait une demande essentielle des travailleurs du commerce du b\u00e9tail.<\/p>\n<p>Il a soulign\u00e9 que la r\u00e9ouverture de ce projet n&#8217;\u00e9tait pas un hasard, mais le r\u00e9sultat des efforts d&#8217;une administration qui a fourni tous les moyens pour sa r\u00e9activation, en plus des efforts des coop\u00e9ratives f\u00e9minines actives dans la Wilaya qui ont d\u00e9cid\u00e9 de travailler dans ce domaine aux c\u00f4t\u00e9s des hommes, et ce march\u00e9 sera le seul distributeur de b\u00e9tail dans la ville.<\/p>\n<p>&nbsp;<\/p>\n<p>Le Wali \u00e9tait accompagn\u00e9 du Conseiller charg\u00e9 des affaires \u00e9conomiques, du Hakem de la Moughataa de Ka\u00e9di, du Vice-pr\u00e9sident de la R\u00e9gion du Gorgol, du Coordonnateur du projet d&#8217;appui au syst\u00e8me pastoral au Sahel, des chefs des services administratifs et de s\u00e9curit\u00e9, des membres de la F\u00e9d\u00e9ration Nationale de Vente et de Commercialisation du B\u00e9tail, et des membres des coop\u00e9ratives f\u00e9minines.<\/p>\n<\/div>\n<\/div>\n<\/div>\n","protected":false},"excerpt":{"rendered":"<p>Le Wali du Gorgol, M. Mohamed Mokhtar Ould Abdi, accompagn\u00e9 du Conseiller charg\u00e9 de la sant\u00e9 animale au Minist\u00e8re de l&#8217;Elevage, M. Brahim Ould Taleb Moussa, a supervis\u00e9, aujourd&#8217;hui lundi, le lancement de l&#8217;exploitation du march\u00e9 de b\u00e9tail de Ka\u00e9di, construit par le Projet R\u00e9gional d&#8217;Appui au Syst\u00e8me Pastoral au Sahel. Cette importante infrastructure vitale [&hellip;]<\/p>\n","protected":false},"author":8,"featured_media":273728,"comment_status":"open","ping_status":"open","sticky":false,"template":"","format":"standard","meta":{"footnotes":""},"categories":[63918,63957],"tags":[],"class_list":["post-273724","post","type-post","status-publish","format-standard","has-post-thumbnail","hentry","category-autres","category-fil-dactualite"],"_links":{"self":[{"href":"https:\/\/ami.mr\/fr\/wp-json\/wp\/v2\/posts\/273724","targetHints":{"allow":["GET"]}}],"collection":[{"href":"https:\/\/ami.mr\/fr\/wp-json\/wp\/v2\/posts"}],"about":[{"href":"https:\/\/ami.mr\/fr\/wp-json\/wp\/v2\/types\/post"}],"author":[{"embeddable":true,"href":"https:\/\/ami.mr\/fr\/wp-json\/wp\/v2\/users\/8"}],"replies":[{"embeddable":true,"href":"https:\/\/ami.mr\/fr\/wp-json\/wp\/v2\/comments?post=273724"}],"version-history":[{"count":1,"href":"https:\/\/ami.mr\/fr\/wp-json\/wp\/v2\/posts\/273724\/revisions"}],"predecessor-version":[{"id":273729,"href":"https:\/\/ami.mr\/fr\/wp-json\/wp\/v2\/posts\/273724\/revisions\/273729"}],"wp:featuredmedia":[{"embeddable":true,"href":"https:\/\/ami.mr\/fr\/wp-json\/wp\/v2\/media\/273728"}],"wp:attachment":[{"href":"https:\/\/ami.mr\/fr\/wp-json\/wp\/v2\/media?parent=273724"}],"wp:term":[{"taxonomy":"category","embeddable":true,"href":"https:\/\/ami.mr\/fr\/wp-json\/wp\/v2\/categories?post=273724"},{"taxonomy":"post_tag","embeddable":true,"href":"https:\/\/ami.mr\/fr\/wp-json\/wp\/v2\/tags?post=273724"}],"curies":[{"name":"wp","href":"https:\/\/api.w.org\/{rel}","templated":true}]}}