{"id":273720,"date":"2025-06-23T19:13:26","date_gmt":"2025-06-23T19:13:26","guid":{"rendered":"https:\/\/ami.mr\/fr\/?p=273720"},"modified":"2025-06-23T19:13:26","modified_gmt":"2025-06-23T19:13:26","slug":"la-population-totale-de-la-mauritanie-a-atteint-environ-5-millions-dhabitants-selon-le-cinquieme-recensement-general-de-la-population-et-de-lhabitat","status":"publish","type":"post","link":"https:\/\/ami.mr\/fr\/archives\/273720","title":{"rendered":"La population totale de la Mauritanie a atteint environ 5 millions d&#8217;habitants, selon le cinqui\u00e8me recensement g\u00e9n\u00e9ral de la population et de l&#8217;habitat"},"content":{"rendered":"<div class=\"row\"><\/div>\n<div class=\"row\">\n<div class=\"cell auto-size\">\n<div class=\"set-border bd-gray padding10 margin10 no-margin-right no-margin-left \" dir=\"ltr\">\n<p>Le minist\u00e8re de l&#8217;\u00c9conomie et des Finances a annonc\u00e9, aujourd&#8217;hui lundi, \u00e0 Nouakchott, les r\u00e9sultats finaux du cinqui\u00e8me recensement g\u00e9n\u00e9ral de la population et de l&#8217;habitat, r\u00e9alis\u00e9 par l&#8217;Agence Nationale de la Statistique et de l&#8217;Analyse D\u00e9mographique et Economique (ANSADE) en 2023.<\/p>\n<p>Le Secr\u00e9taire g\u00e9n\u00e9ral du Minist\u00e8re de l&#8217;\u00c9conomie et des Finances, M. Yacoub Ahmed Aicha, a expliqu\u00e9 que les r\u00e9sultats finaux complets ont montr\u00e9 que la population totale du pays a atteint 4.927.532 habitants en 2023, avec un taux de croissance annuel stable de 3,1 %.<\/p>\n<p>Il a soulign\u00e9 que les r\u00e9sultats du recensement ont montr\u00e9 que le nombre de m\u00e9nages ordinaires a atteint 834.352 m\u00e9nages, avec une taille moyenne de m\u00e9nage de 5,9 personnes au niveau national, ce qui refl\u00e8te le d\u00e9veloppement d\u00e9mographique \u00e9quilibr\u00e9 de la soci\u00e9t\u00e9 mauritanienne.<\/p>\n<p>Il a ajout\u00e9 que ce recensement s&#8217;inscrit dans le cadre du Plan D\u00e9cennal National de D\u00e9veloppement de la Statistique (2021-2030), qui vise \u00e0 fournir des donn\u00e9es statistiques essentielles et fiables pour la formulation, le suivi et l&#8217;\u00e9valuation des politiques nationales de d\u00e9veloppement.<\/p>\n<p>Il a pr\u00e9cis\u00e9 que ces donn\u00e9es compl\u00e8tes, pr\u00e9cises et d\u00e9taill\u00e9es permettront aux diff\u00e9rents secteurs gouvernementaux, institutions publiques et partenaires au d\u00e9veloppement d&#8217;\u00e9valuer, de d\u00e9velopper et d&#8217;am\u00e9liorer les politiques et programmes de d\u00e9veloppement actuels au service de l&#8217;int\u00e9r\u00eat sup\u00e9rieur de la nation.<\/p>\n<p>Le Secr\u00e9taire g\u00e9n\u00e9ral a mentionn\u00e9 qu&#8217;une base de donn\u00e9es al\u00e9atoire repr\u00e9sentant 10 % de l&#8217;ensemble des donn\u00e9es disponibles a \u00e9t\u00e9 pr\u00e9par\u00e9e, conform\u00e9ment aux normes techniques et m\u00e9thodologiques les plus \u00e9lev\u00e9es adopt\u00e9es internationalement, afin de permettre aux chercheurs, experts et universitaires de mener des \u00e9tudes approfondies et sp\u00e9cialis\u00e9es dans les diff\u00e9rents domaines d\u00e9mographiques, sociaux et \u00e9conomiques.<\/p>\n<p>De son c\u00f4t\u00e9, la repr\u00e9sentante du Fonds des Nations Unies pour la Population, Mme Olga Sankara, a d\u00e9clar\u00e9 que cette r\u00e9alisation met en \u00e9vidence la ma\u00eetrise compl\u00e8te des nouvelles technologies par l&#8217;Agence Nationale de la Statistique et de l&#8217;Analyse D\u00e9mographique et \u00c9conomique, ce qui la place dans une position id\u00e9ale pour fournir un soutien technique pr\u00e9cieux \u00e0 d&#8217;autres pays en phase de recensement.<\/p>\n<p>Elle a ajout\u00e9 que les donn\u00e9es pr\u00e9sent\u00e9es aujourd&#8217;hui sont des tr\u00e9sors d&#8217;informations pr\u00e9cieuses, car elles ouvriront une nouvelle phase de planification du d\u00e9veloppement pour tirer parti de l&#8217;opportunit\u00e9 d\u00e9mographique, soulignant qu&#8217;elles permettront de comprendre la taille et la r\u00e9partition de la population, ainsi que les caract\u00e9ristiques d\u00e9mographiques, sociales et \u00e9conomiques.<\/p>\n<\/div>\n<\/div>\n<\/div>\n","protected":false},"excerpt":{"rendered":"<p>Le minist\u00e8re de l&#8217;\u00c9conomie et des Finances a annonc\u00e9, aujourd&#8217;hui lundi, \u00e0 Nouakchott, les r\u00e9sultats finaux du cinqui\u00e8me recensement g\u00e9n\u00e9ral de la population et de l&#8217;habitat, r\u00e9alis\u00e9 par l&#8217;Agence Nationale de la Statistique et de l&#8217;Analyse D\u00e9mographique et Economique (ANSADE) en 2023. Le Secr\u00e9taire g\u00e9n\u00e9ral du Minist\u00e8re de l&#8217;\u00c9conomie et des Finances, M. Yacoub Ahmed [&hellip;]<\/p>\n","protected":false},"author":8,"featured_media":273722,"comment_status":"open","ping_status":"open","sticky":false,"template":"","format":"standard","meta":{"footnotes":""},"categories":[63920,63957],"tags":[],"class_list":["post-273720","post","type-post","status-publish","format-standard","has-post-thumbnail","hentry","category-a-la-une","category-fil-dactualite"],"_links":{"self":[{"href":"https:\/\/ami.mr\/fr\/wp-json\/wp\/v2\/posts\/273720","targetHints":{"allow":["GET"]}}],"collection":[{"href":"https:\/\/ami.mr\/fr\/wp-json\/wp\/v2\/posts"}],"about":[{"href":"https:\/\/ami.mr\/fr\/wp-json\/wp\/v2\/types\/post"}],"author":[{"embeddable":true,"href":"https:\/\/ami.mr\/fr\/wp-json\/wp\/v2\/users\/8"}],"replies":[{"embeddable":true,"href":"https:\/\/ami.mr\/fr\/wp-json\/wp\/v2\/comments?post=273720"}],"version-history":[{"count":1,"href":"https:\/\/ami.mr\/fr\/wp-json\/wp\/v2\/posts\/273720\/revisions"}],"predecessor-version":[{"id":273723,"href":"https:\/\/ami.mr\/fr\/wp-json\/wp\/v2\/posts\/273720\/revisions\/273723"}],"wp:featuredmedia":[{"embeddable":true,"href":"https:\/\/ami.mr\/fr\/wp-json\/wp\/v2\/media\/273722"}],"wp:attachment":[{"href":"https:\/\/ami.mr\/fr\/wp-json\/wp\/v2\/media?parent=273720"}],"wp:term":[{"taxonomy":"category","embeddable":true,"href":"https:\/\/ami.mr\/fr\/wp-json\/wp\/v2\/categories?post=273720"},{"taxonomy":"post_tag","embeddable":true,"href":"https:\/\/ami.mr\/fr\/wp-json\/wp\/v2\/tags?post=273720"}],"curies":[{"name":"wp","href":"https:\/\/api.w.org\/{rel}","templated":true}]}}