{"id":273708,"date":"2025-06-23T18:44:58","date_gmt":"2025-06-23T18:44:58","guid":{"rendered":"https:\/\/ami.mr\/fr\/?p=273708"},"modified":"2025-06-23T18:44:58","modified_gmt":"2025-06-23T18:44:58","slug":"le-ministre-de-linterieur-exhorte-les-presidents-de-regions-a-suivre-les-plans-de-developpement-etablis","status":"publish","type":"post","link":"https:\/\/ami.mr\/fr\/archives\/273708","title":{"rendered":"Le ministre de l&#8217;Int\u00e9rieur exhorte les pr\u00e9sidents de r\u00e9gions \u00e0 suivre les plans de d\u00e9veloppement \u00e9tablis"},"content":{"rendered":"<div class=\"row\">\n<div class=\"cell auto-size bd-gray\" dir=\"ltr\"><\/div>\n<\/div>\n<div class=\"row\">\n<div class=\"cell auto-size\">\n<div class=\"set-border bd-gray padding10 margin10 no-margin-right no-margin-left \" dir=\"ltr\">\n<p>Le ministre de l&#8217;Int\u00e9rieur, de la Promotion de la D\u00e9centralisation et du D\u00e9veloppement local, M. Mohamed Ahmed Ould Mohamed Lemine, a pr\u00e9sid\u00e9, aujourd&#8217;hui lundi, au si\u00e8ge du minist\u00e8re, une r\u00e9union avec les pr\u00e9sidents de r\u00e9gions.<\/p>\n<p>Au d\u00e9but de la r\u00e9union, Son Excellence le Ministre a rappel\u00e9 le r\u00f4le central des t\u00e2ches confi\u00e9es aux pr\u00e9sidents de r\u00e9gions, dans le cadre du programme d&#8217;urgence, et le suivi des plans de d\u00e9veloppement dans les domaines de l&#8217;\u00e9ducation, de la sant\u00e9, de l&#8217;eau et de l&#8217;agriculture.<\/p>\n<p>Il a \u00e9galement soulign\u00e9 la n\u00e9cessit\u00e9 et l&#8217;importance d&#8217;une coordination \u00e9troite entre les pr\u00e9sidents de r\u00e9gions et les autorit\u00e9s administratives, ainsi qu&#8217;entre les r\u00e9gions et les secteurs minist\u00e9riels au niveau central, dans le but d&#8217;adopter les moyens les plus efficaces pour assurer le succ\u00e8s des interventions de d\u00e9veloppement.<\/p>\n<p>Le Ministre a exhort\u00e9 \u00e0 intensifier les efforts pour que ces r\u00e9unions soient p\u00e9riodiques et r\u00e9guli\u00e8res, affirmant que le minist\u00e8re s&#8217;emploie \u00e0 d\u00e9finir un m\u00e9canisme garantissant la tenue r\u00e9guli\u00e8re de ces r\u00e9unions.<\/p>\n<p>Les interventions des pr\u00e9sidents de r\u00e9gions lors de la r\u00e9union ont port\u00e9 sur un ensemble de questions li\u00e9es aux t\u00e2ches qui leur sont confi\u00e9es.<\/p>\n<p>Ont assist\u00e9 \u00e0 la r\u00e9union le ministre d\u00e9l\u00e9gu\u00e9 aupr\u00e8s du ministre de l&#8217;Int\u00e9rieur, de la D\u00e9centralisation et du D\u00e9veloppement local, M. Yacoub Ould Salem Vall, le secr\u00e9taire g\u00e9n\u00e9ral du minist\u00e8re de l&#8217;Int\u00e9rieur, de la D\u00e9centralisation et du D\u00e9veloppement local, M. Abderrahmane Ould El Hassen, et un certain nombre de cadres du secteur.<\/p>\n<\/div>\n<\/div>\n<\/div>\n","protected":false},"excerpt":{"rendered":"<p>Le ministre de l&#8217;Int\u00e9rieur, de la Promotion de la D\u00e9centralisation et du D\u00e9veloppement local, M. Mohamed Ahmed Ould Mohamed Lemine, a pr\u00e9sid\u00e9, aujourd&#8217;hui lundi, au si\u00e8ge du minist\u00e8re, une r\u00e9union avec les pr\u00e9sidents de r\u00e9gions. Au d\u00e9but de la r\u00e9union, Son Excellence le Ministre a rappel\u00e9 le r\u00f4le central des t\u00e2ches confi\u00e9es aux pr\u00e9sidents de [&hellip;]<\/p>\n","protected":false},"author":8,"featured_media":273709,"comment_status":"open","ping_status":"open","sticky":false,"template":"","format":"standard","meta":{"footnotes":""},"categories":[63920,63957],"tags":[],"class_list":["post-273708","post","type-post","status-publish","format-standard","has-post-thumbnail","hentry","category-a-la-une","category-fil-dactualite"],"_links":{"self":[{"href":"https:\/\/ami.mr\/fr\/wp-json\/wp\/v2\/posts\/273708","targetHints":{"allow":["GET"]}}],"collection":[{"href":"https:\/\/ami.mr\/fr\/wp-json\/wp\/v2\/posts"}],"about":[{"href":"https:\/\/ami.mr\/fr\/wp-json\/wp\/v2\/types\/post"}],"author":[{"embeddable":true,"href":"https:\/\/ami.mr\/fr\/wp-json\/wp\/v2\/users\/8"}],"replies":[{"embeddable":true,"href":"https:\/\/ami.mr\/fr\/wp-json\/wp\/v2\/comments?post=273708"}],"version-history":[{"count":1,"href":"https:\/\/ami.mr\/fr\/wp-json\/wp\/v2\/posts\/273708\/revisions"}],"predecessor-version":[{"id":273710,"href":"https:\/\/ami.mr\/fr\/wp-json\/wp\/v2\/posts\/273708\/revisions\/273710"}],"wp:featuredmedia":[{"embeddable":true,"href":"https:\/\/ami.mr\/fr\/wp-json\/wp\/v2\/media\/273709"}],"wp:attachment":[{"href":"https:\/\/ami.mr\/fr\/wp-json\/wp\/v2\/media?parent=273708"}],"wp:term":[{"taxonomy":"category","embeddable":true,"href":"https:\/\/ami.mr\/fr\/wp-json\/wp\/v2\/categories?post=273708"},{"taxonomy":"post_tag","embeddable":true,"href":"https:\/\/ami.mr\/fr\/wp-json\/wp\/v2\/tags?post=273708"}],"curies":[{"name":"wp","href":"https:\/\/api.w.org\/{rel}","templated":true}]}}