{"id":273470,"date":"2025-06-19T09:57:48","date_gmt":"2025-06-19T09:57:48","guid":{"rendered":"https:\/\/ami.mr\/fr\/?p=273470"},"modified":"2025-06-19T09:57:48","modified_gmt":"2025-06-19T09:57:48","slug":"le-ministre-de-lagriculture-de-retour-a-nouakchott-3","status":"publish","type":"post","link":"https:\/\/ami.mr\/fr\/archives\/273470","title":{"rendered":"Le ministre de l&#8217;Agriculture de retour \u00e0 Nouakchott"},"content":{"rendered":"<p>Le ministre de l&#8217;Agriculture et de la Souverainet\u00e9 alimentaire, M. Emmemme Ould Beibate, est rentr\u00e9, mercredi soir, \u00e0 Nouakchott en provenance d&#8217;Autriche o\u00f9 il a particip\u00e9 \u00e0 la table ronde organis\u00e9e par le Groupe de coordination arabe du Fonds de l&#8217;OPEP avec le Comit\u00e9 permanent Inter-Etats de Lutte contre la S\u00e9cheresse au Sahel (CILSS), \u00e0 Vienne, le 16 courant.<\/p>\n<p>Le ministre \u00e9tait accompagn\u00e9, lors de ce d\u00e9placement, par son conseiller technique charg\u00e9 du CILSS. M. Mohamed Ould Ahmed Bennane.<\/p>\n","protected":false},"excerpt":{"rendered":"<p>Le ministre de l&#8217;Agriculture et de la Souverainet\u00e9 alimentaire, M. Emmemme Ould Beibate, est rentr\u00e9, mercredi soir, \u00e0 Nouakchott en provenance d&#8217;Autriche o\u00f9 il a particip\u00e9 \u00e0 la table ronde organis\u00e9e par le Groupe de coordination arabe du Fonds de l&#8217;OPEP avec le Comit\u00e9 permanent Inter-Etats de Lutte contre la S\u00e9cheresse au Sahel (CILSS), \u00e0 [&hellip;]<\/p>\n","protected":false},"author":16,"featured_media":273471,"comment_status":"open","ping_status":"open","sticky":false,"template":"","format":"standard","meta":{"footnotes":""},"categories":[63918,63957,63959],"tags":[],"class_list":["post-273470","post","type-post","status-publish","format-standard","has-post-thumbnail","hentry","category-autres","category-fil-dactualite","category-mauritanie"],"_links":{"self":[{"href":"https:\/\/ami.mr\/fr\/wp-json\/wp\/v2\/posts\/273470","targetHints":{"allow":["GET"]}}],"collection":[{"href":"https:\/\/ami.mr\/fr\/wp-json\/wp\/v2\/posts"}],"about":[{"href":"https:\/\/ami.mr\/fr\/wp-json\/wp\/v2\/types\/post"}],"author":[{"embeddable":true,"href":"https:\/\/ami.mr\/fr\/wp-json\/wp\/v2\/users\/16"}],"replies":[{"embeddable":true,"href":"https:\/\/ami.mr\/fr\/wp-json\/wp\/v2\/comments?post=273470"}],"version-history":[{"count":1,"href":"https:\/\/ami.mr\/fr\/wp-json\/wp\/v2\/posts\/273470\/revisions"}],"predecessor-version":[{"id":273472,"href":"https:\/\/ami.mr\/fr\/wp-json\/wp\/v2\/posts\/273470\/revisions\/273472"}],"wp:featuredmedia":[{"embeddable":true,"href":"https:\/\/ami.mr\/fr\/wp-json\/wp\/v2\/media\/273471"}],"wp:attachment":[{"href":"https:\/\/ami.mr\/fr\/wp-json\/wp\/v2\/media?parent=273470"}],"wp:term":[{"taxonomy":"category","embeddable":true,"href":"https:\/\/ami.mr\/fr\/wp-json\/wp\/v2\/categories?post=273470"},{"taxonomy":"post_tag","embeddable":true,"href":"https:\/\/ami.mr\/fr\/wp-json\/wp\/v2\/tags?post=273470"}],"curies":[{"name":"wp","href":"https:\/\/api.w.org\/{rel}","templated":true}]}}