{"id":273459,"date":"2025-06-18T21:36:26","date_gmt":"2025-06-18T21:36:26","guid":{"rendered":"https:\/\/ami.mr\/fr\/?p=273459"},"modified":"2025-06-18T21:36:26","modified_gmt":"2025-06-18T21:36:26","slug":"cloture-des-activites-du-forum-scientifique-organise-sur-la-realisation-de-la-securite-fonciere","status":"publish","type":"post","link":"https:\/\/ami.mr\/fr\/archives\/273459","title":{"rendered":"Cl\u00f4ture des activit\u00e9s du forum scientifique organis\u00e9 sur la r\u00e9alisation de la s\u00e9curit\u00e9 fonci\u00e8re"},"content":{"rendered":"<p>Les activit\u00e9s du forum scientifique sur les exigences de la r\u00e9alisation de la s\u00e9curit\u00e9 fonci\u00e8re, organis\u00e9 par la Cour supr\u00eame sous le titre: &#8220;Conflits fonciers: probl\u00e8mes et solutions&#8221;, et avec la participation de repr\u00e9sentants de l&#8217;Alg\u00e9rie et du S\u00e9n\u00e9gal, se sont achev\u00e9es aujourd&#8217;hui mercredi \u00e0 Nouakchott.<\/p>\n<p>Les travaux du forum, qui a dur\u00e9 deux jours, ont \u00e9t\u00e9 marqu\u00e9s par la pr\u00e9sentation de plusieurs expos\u00e9s sur les exigences de la r\u00e9alisation de la s\u00e9curit\u00e9 fonci\u00e8re par des juges des pays participants, y compris la Mauritanie, pays h\u00f4te.<\/p>\n<p>Un rapport d\u00e9taill\u00e9 de 21 articles, couvrant tous les points importants et essentiels li\u00e9s \u00e0 tout ce qui pourrait d\u00e9velopper la r\u00e9alisation de la s\u00e9curit\u00e9 fonci\u00e8re, a \u00e9galement \u00e9t\u00e9 lu \u00e0 la fin du forum.<\/p>\n<p>Dans un discours prononc\u00e9 \u00e0 cette occasion, le pr\u00e9sident de la Cour supr\u00eame, M. Cheikh Ahmed Ould Sid&#8217;Ahmed, au nom des juges et du personnel de la Cour supr\u00eame, a remerci\u00e9 tous les participants pour le temps et les efforts qu&#8217;ils ont consacr\u00e9s \u00e0 enrichir la discussion sur les exp\u00e9riences pratiques dans les domaines qui constituent le travail quotidien des tribunaux, et ce qui refl\u00e8te la profondeur de la discussion, saluant les recommandations auxquelles les participants sont parvenus.<\/p>\n<p>Il a indiqu\u00e9 que parmi ces recommandations figurent la r\u00e9vision compl\u00e8te des diff\u00e9rents textes fonciers et la promulgation d&#8217;une loi fonci\u00e8re g\u00e9n\u00e9rale et compl\u00e8te pour les milieux urbain et rural, la cr\u00e9ation d&#8217;une juridiction fonci\u00e8re sp\u00e9cialis\u00e9e charg\u00e9e de la question fonci\u00e8re en tant que comp\u00e9tence g\u00e9n\u00e9rale et comp\u00e9tence attribu\u00e9e. La formation sp\u00e9cialis\u00e9e des juges en mati\u00e8re fonci\u00e8re avec l&#8217;adoption de l&#8217;exp\u00e9rience comme seul crit\u00e8re d&#8217;attribution, la r\u00e9vision de la loi sur les notaires et du code civil et de toutes les lois sp\u00e9ciales dans leurs aspects li\u00e9s \u00e0 l&#8217;immobilier, la suppression de tous les obstacles qui emp\u00eachent une coordination \u00e9troite entre les tribunaux d&#8217;une part et les minist\u00e8res des domaines et de l&#8217;habitat, d&#8217;autre part, concernant la fourniture d&#8217;informations relatives aux litiges port\u00e9s devant les tribunaux, la rigueur et la fermet\u00e9 dans le suivi et l&#8217;enqu\u00eate, et le jugement lors du traitement des faits li\u00e9s aux crimes affectant la mati\u00e8re fonci\u00e8re, la recherche de l&#8217;unification de la jurisprudence en mati\u00e8re fonci\u00e8re et l&#8217;\u00e9vitement des contradictions dans les d\u00e9cisions rendues par la Cour supr\u00eame, et l&#8217;exploitation des avantages de la num\u00e9risation.<\/p>\n<p>Il a d\u00e9clar\u00e9 que ce forum sera l&#8217;occasion pour les juges, leurs assistants et les chercheurs de prendre connaissance de la publication des travaux des deux colloques scientifiques organis\u00e9s par la Cour supr\u00eame en 2024.<\/p>\n<p>Il a remerci\u00e9 les pr\u00e9sidents de s\u00e9ance, les conf\u00e9renciers et les participants pour leurs efforts, ainsi que le pr\u00e9sident et les membres du bureau technique et le secr\u00e9taire g\u00e9n\u00e9ral de la Cour supr\u00eame, qui ont travaill\u00e9 au cours des cinq premiers mois de l&#8217;ann\u00e9e \u00e0 la pr\u00e9paration des documents-cadres et au suivi et \u00e0 la mise en \u0153uvre de cette rencontre.<\/p>\n","protected":false},"excerpt":{"rendered":"<p>Les activit\u00e9s du forum scientifique sur les exigences de la r\u00e9alisation de la s\u00e9curit\u00e9 fonci\u00e8re, organis\u00e9 par la Cour supr\u00eame sous le titre: &#8220;Conflits fonciers: probl\u00e8mes et solutions&#8221;, et avec la participation de repr\u00e9sentants de l&#8217;Alg\u00e9rie et du S\u00e9n\u00e9gal, se sont achev\u00e9es aujourd&#8217;hui mercredi \u00e0 Nouakchott. Les travaux du forum, qui a dur\u00e9 deux jours, [&hellip;]<\/p>\n","protected":false},"author":5,"featured_media":273460,"comment_status":"open","ping_status":"open","sticky":false,"template":"","format":"standard","meta":{"footnotes":""},"categories":[63918,63957,63959,63927],"tags":[],"class_list":["post-273459","post","type-post","status-publish","format-standard","has-post-thumbnail","hentry","category-autres","category-fil-dactualite","category-mauritanie","category-slider-mauritanie"],"_links":{"self":[{"href":"https:\/\/ami.mr\/fr\/wp-json\/wp\/v2\/posts\/273459","targetHints":{"allow":["GET"]}}],"collection":[{"href":"https:\/\/ami.mr\/fr\/wp-json\/wp\/v2\/posts"}],"about":[{"href":"https:\/\/ami.mr\/fr\/wp-json\/wp\/v2\/types\/post"}],"author":[{"embeddable":true,"href":"https:\/\/ami.mr\/fr\/wp-json\/wp\/v2\/users\/5"}],"replies":[{"embeddable":true,"href":"https:\/\/ami.mr\/fr\/wp-json\/wp\/v2\/comments?post=273459"}],"version-history":[{"count":1,"href":"https:\/\/ami.mr\/fr\/wp-json\/wp\/v2\/posts\/273459\/revisions"}],"predecessor-version":[{"id":273461,"href":"https:\/\/ami.mr\/fr\/wp-json\/wp\/v2\/posts\/273459\/revisions\/273461"}],"wp:featuredmedia":[{"embeddable":true,"href":"https:\/\/ami.mr\/fr\/wp-json\/wp\/v2\/media\/273460"}],"wp:attachment":[{"href":"https:\/\/ami.mr\/fr\/wp-json\/wp\/v2\/media?parent=273459"}],"wp:term":[{"taxonomy":"category","embeddable":true,"href":"https:\/\/ami.mr\/fr\/wp-json\/wp\/v2\/categories?post=273459"},{"taxonomy":"post_tag","embeddable":true,"href":"https:\/\/ami.mr\/fr\/wp-json\/wp\/v2\/tags?post=273459"}],"curies":[{"name":"wp","href":"https:\/\/api.w.org\/{rel}","templated":true}]}}