{"id":273170,"date":"2025-06-14T21:49:48","date_gmt":"2025-06-14T21:49:48","guid":{"rendered":"https:\/\/ami.mr\/fr\/?p=273170"},"modified":"2025-06-14T21:49:48","modified_gmt":"2025-06-14T21:49:48","slug":"organisation-dun-seminaire-de-reflexion-sur-le-dialogue-national-vision-et-enjeux","status":"publish","type":"post","link":"https:\/\/ami.mr\/fr\/archives\/273170","title":{"rendered":"Organisation d\u2019un s\u00e9minaire de r\u00e9flexion sur le dialogue national\u2026 Vision et enjeux"},"content":{"rendered":"<p>Le Centre mauritanien de Recherche et d\u2019Etudes Humaines a organis\u00e9, samedi soir \u00e0 Nouakchott, un s\u00e9minaire de r\u00e9flexion sous le titre : \u00ab Dialogue national : vision et enjeux \u00bb.<\/p>\n<p>Au cours du s\u00e9minaire, les intervenants ont soulign\u00e9 l\u2019importance du dialogue en tant que n\u00e9cessit\u00e9 nationale pour consolider la d\u00e9mocratie et renforcer la coh\u00e9sion sociale, soulignant la n\u00e9cessit\u00e9 d\u2019impliquer les diff\u00e9rentes composantes de la soci\u00e9t\u00e9, en particulier les jeunes et les femmes, dans l\u2019\u00e9laboration de la r\u00e9forme politique et sociale du pays. Ils ont soulign\u00e9 que le succ\u00e8s de tout dialogue se mesure \u00e0 sa capacit\u00e9 \u00e0 r\u00e9tablir la confiance entre l\u2019\u00c9tat et le citoyen, et \u00e0 parvenir \u00e0 la justice sociale.<\/p>\n<p>Ils ont salu\u00e9 l\u2019appel lanc\u00e9 par Son Excellence le Pr\u00e9sident de la R\u00e9publique, Monsieur Mohamed Ould Cheikh El Ghazouani, \u00e0 organiser un dialogue national, notant que cette d\u00e9cision est l\u2019incarnation d\u2019une vision nationale qui cherche \u00e0 \u00e9tablir un \u00c9tat juste qui r\u00e9alise la convergence et \u00e9vite la discorde.<\/p>\n<p>Des politiciens, des intellectuels et des acteurs civiques ont particip\u00e9 au s\u00e9minaire.<\/p>\n","protected":false},"excerpt":{"rendered":"<p>Le Centre mauritanien de Recherche et d\u2019Etudes Humaines a organis\u00e9, samedi soir \u00e0 Nouakchott, un s\u00e9minaire de r\u00e9flexion sous le titre : \u00ab Dialogue national : vision et enjeux \u00bb. Au cours du s\u00e9minaire, les intervenants ont soulign\u00e9 l\u2019importance du dialogue en tant que n\u00e9cessit\u00e9 nationale pour consolider la d\u00e9mocratie et renforcer la coh\u00e9sion sociale, [&hellip;]<\/p>\n","protected":false},"author":18,"featured_media":273171,"comment_status":"open","ping_status":"open","sticky":false,"template":"","format":"standard","meta":{"footnotes":""},"categories":[63918,63957,63959],"tags":[],"class_list":["post-273170","post","type-post","status-publish","format-standard","has-post-thumbnail","hentry","category-autres","category-fil-dactualite","category-mauritanie"],"_links":{"self":[{"href":"https:\/\/ami.mr\/fr\/wp-json\/wp\/v2\/posts\/273170","targetHints":{"allow":["GET"]}}],"collection":[{"href":"https:\/\/ami.mr\/fr\/wp-json\/wp\/v2\/posts"}],"about":[{"href":"https:\/\/ami.mr\/fr\/wp-json\/wp\/v2\/types\/post"}],"author":[{"embeddable":true,"href":"https:\/\/ami.mr\/fr\/wp-json\/wp\/v2\/users\/18"}],"replies":[{"embeddable":true,"href":"https:\/\/ami.mr\/fr\/wp-json\/wp\/v2\/comments?post=273170"}],"version-history":[{"count":1,"href":"https:\/\/ami.mr\/fr\/wp-json\/wp\/v2\/posts\/273170\/revisions"}],"predecessor-version":[{"id":273172,"href":"https:\/\/ami.mr\/fr\/wp-json\/wp\/v2\/posts\/273170\/revisions\/273172"}],"wp:featuredmedia":[{"embeddable":true,"href":"https:\/\/ami.mr\/fr\/wp-json\/wp\/v2\/media\/273171"}],"wp:attachment":[{"href":"https:\/\/ami.mr\/fr\/wp-json\/wp\/v2\/media?parent=273170"}],"wp:term":[{"taxonomy":"category","embeddable":true,"href":"https:\/\/ami.mr\/fr\/wp-json\/wp\/v2\/categories?post=273170"},{"taxonomy":"post_tag","embeddable":true,"href":"https:\/\/ami.mr\/fr\/wp-json\/wp\/v2\/tags?post=273170"}],"curies":[{"name":"wp","href":"https:\/\/api.w.org\/{rel}","templated":true}]}}