{"id":272757,"date":"2025-06-09T10:28:31","date_gmt":"2025-06-09T10:28:31","guid":{"rendered":"https:\/\/ami.mr\/fr\/?p=272757"},"modified":"2025-06-09T10:28:31","modified_gmt":"2025-06-09T10:28:31","slug":"le-president-de-lunion-du-patronat-participe-a-la-quatrieme-exposition-chine-afrique","status":"publish","type":"post","link":"https:\/\/ami.mr\/fr\/archives\/272757","title":{"rendered":"Le pr\u00e9sident de l\u2019Union du patronat participe \u00e0 la quatri\u00e8me exposition Chine-Afrique"},"content":{"rendered":"<p>Une d\u00e9l\u00e9gation de l\u2019Union nationale du patronat mauritanien, conduite par son pr\u00e9sident, M. Mohamed Zeine El Abidine Cheikh Ahmed, participera \u00e0 la quatri\u00e8me \u00e9dition de l&#8217;Exposition \u00e9conomique et commerciale Chine-Afrique, qui se tiendra du 12 au 15 juin 2025 \u00e0 Changsha, dans la province du Hunan, en Chine, sous le slogan : \u2018\u2019la Chine et l&#8217;Afrique&#8230; Travailler ensemble pour r\u00e9aliser le r\u00eave de la modernisation&#8221;<\/p>\n<p>Cette manifestation comprendra une s\u00e9rie d&#8217;activit\u00e9s diverses sur la mise en \u0153uvre des \u2018\u2019dix initiatives du partenariat Chine-Afrique\u2019\u2019, qui se concentrent sur les infrastructures, l&#8217;agriculture, les \u00e9nergies propres, les textiles &#8211; v\u00eatements, l&#8217;\u00e9conomie num\u00e9rique et les ressources min\u00e9rales vertes.<\/p>\n<p>Des pourparlers entre entrepreneurs chinois et africains, des forums sur l&#8217;innovation et l&#8217;entrepreneuriat pour les jeunes seront, \u00e9galement, organis\u00e9s, en plus des sessions pour renforcer la coop\u00e9ration sur les coentreprises.<\/p>\n<p>Notons que le pr\u00e9sident de l&#8217;Union nationale du patronat mauritanien et la d\u00e9l\u00e9gation qui l&#8217;accompagne ont quitt\u00e9 Djeddah, en Arabie saoudite, lundi, pour la R\u00e9publique populaire de Chine.<\/p>\n","protected":false},"excerpt":{"rendered":"<p>Une d\u00e9l\u00e9gation de l\u2019Union nationale du patronat mauritanien, conduite par son pr\u00e9sident, M. Mohamed Zeine El Abidine Cheikh Ahmed, participera \u00e0 la quatri\u00e8me \u00e9dition de l&#8217;Exposition \u00e9conomique et commerciale Chine-Afrique, qui se tiendra du 12 au 15 juin 2025 \u00e0 Changsha, dans la province du Hunan, en Chine, sous le slogan : \u2018\u2019la Chine et [&hellip;]<\/p>\n","protected":false},"author":16,"featured_media":272758,"comment_status":"open","ping_status":"open","sticky":false,"template":"","format":"standard","meta":{"footnotes":""},"categories":[63918,63957,25],"tags":[],"class_list":["post-272757","post","type-post","status-publish","format-standard","has-post-thumbnail","hentry","category-autres","category-fil-dactualite","category-25"],"_links":{"self":[{"href":"https:\/\/ami.mr\/fr\/wp-json\/wp\/v2\/posts\/272757","targetHints":{"allow":["GET"]}}],"collection":[{"href":"https:\/\/ami.mr\/fr\/wp-json\/wp\/v2\/posts"}],"about":[{"href":"https:\/\/ami.mr\/fr\/wp-json\/wp\/v2\/types\/post"}],"author":[{"embeddable":true,"href":"https:\/\/ami.mr\/fr\/wp-json\/wp\/v2\/users\/16"}],"replies":[{"embeddable":true,"href":"https:\/\/ami.mr\/fr\/wp-json\/wp\/v2\/comments?post=272757"}],"version-history":[{"count":1,"href":"https:\/\/ami.mr\/fr\/wp-json\/wp\/v2\/posts\/272757\/revisions"}],"predecessor-version":[{"id":272759,"href":"https:\/\/ami.mr\/fr\/wp-json\/wp\/v2\/posts\/272757\/revisions\/272759"}],"wp:featuredmedia":[{"embeddable":true,"href":"https:\/\/ami.mr\/fr\/wp-json\/wp\/v2\/media\/272758"}],"wp:attachment":[{"href":"https:\/\/ami.mr\/fr\/wp-json\/wp\/v2\/media?parent=272757"}],"wp:term":[{"taxonomy":"category","embeddable":true,"href":"https:\/\/ami.mr\/fr\/wp-json\/wp\/v2\/categories?post=272757"},{"taxonomy":"post_tag","embeddable":true,"href":"https:\/\/ami.mr\/fr\/wp-json\/wp\/v2\/tags?post=272757"}],"curies":[{"name":"wp","href":"https:\/\/api.w.org\/{rel}","templated":true}]}}