{"id":272723,"date":"2025-06-06T21:02:25","date_gmt":"2025-06-06T21:02:25","guid":{"rendered":"https:\/\/ami.mr\/fr\/?p=272723"},"modified":"2025-06-06T21:02:25","modified_gmt":"2025-06-06T21:02:25","slug":"le-ministere-de-lelevage-approuve-des-espaces-specifiques-pour-labattage-des-animaux-de-sacrifice-a-nouakchott","status":"publish","type":"post","link":"https:\/\/ami.mr\/fr\/archives\/272723","title":{"rendered":"Le minist\u00e8re de l&#8217;\u00e9levage approuve des espaces sp\u00e9cifiques pour l&#8217;abattage des animaux de sacrifice \u00e0 Nouakchott"},"content":{"rendered":"<p>Le secr\u00e9taire g\u00e9n\u00e9ral du minist\u00e8re de l&#8217;\u00e9levage, M. Sadava Ould Sidi Mohamed, a inspect\u00e9, vendredi soir, les espaces agr\u00e9\u00e9s par le minist\u00e8re pour l&#8217;abattage des animaux de sacrifice dans les wilayas sud et nord de Nouakchott.<\/p>\n<p>Dans le cadre de cette op\u00e9ration, men\u00e9e par le personnel v\u00e9t\u00e9rinaire et les repr\u00e9sentants de la soci\u00e9t\u00e9 des abattoirs de Nouakchott, cinq espaces ont \u00e9t\u00e9 \u00e9quip\u00e9s, trois dans la moughataa de El Mina et deux dans les moughataas de Toujounine et Dar Na\u00efm.<\/p>\n<p>Ces espaces visent \u00e0 offrir des conditions d&#8217;hygi\u00e8ne favorables pour permettre aux citoyens d&#8217;abattre, demain, leurs moutons de sacrifice et contribuer au maintien de la propret\u00e9 de la ville.<\/p>\n<p>Dans une d\u00e9claration \u00e0 l&#8217;Agence Mauritanienne d&#8217;Information, le secr\u00e9taire g\u00e9n\u00e9ral du minist\u00e8re a appel\u00e9 les citoyens \u00e0 recourir \u00e0 ces abattoirs d\u00e9sign\u00e9s pour prot\u00e9ger leur sant\u00e9 et leur s\u00e9curit\u00e9, notant que ces abattoirs disposent de v\u00e9t\u00e9rinaires qui examinent les animaux avant de les abattre pour s&#8217;assurer qu&#8217;ils ne sont pas porteurs de maladies qui peuvent \u00eatre transmises \u00e0 l&#8217;homme.<\/p>\n<p>Il a ajout\u00e9 que cette initiative contribuera \u00e0 acc\u00e9l\u00e9rer le processus d&#8217;abattage et de d\u00e9pe\u00e7age et \u00e0 confiner les restes des carcasses dans des endroits sp\u00e9cifiques en vue d&#8217;un transport ad\u00e9quat, et \u00e0 saisir et traiter les peaux pour une utilisation future, ce qui contribue \u00e0 pr\u00e9server la sant\u00e9 des citoyens et la propret\u00e9 de la ville.<\/p>\n<p>Le Secr\u00e9taire G\u00e9n\u00e9ral a \u00e9t\u00e9 accompagn\u00e9 lors de cette visite par un certain nombre de responsables de secteurs et d&#8217;autorit\u00e9s s\u00e9curitaires et administratives des wilayas de Nouakchott Sud et Nord.<\/p>\n","protected":false},"excerpt":{"rendered":"<p>Le secr\u00e9taire g\u00e9n\u00e9ral du minist\u00e8re de l&#8217;\u00e9levage, M. Sadava Ould Sidi Mohamed, a inspect\u00e9, vendredi soir, les espaces agr\u00e9\u00e9s par le minist\u00e8re pour l&#8217;abattage des animaux de sacrifice dans les wilayas sud et nord de Nouakchott. Dans le cadre de cette op\u00e9ration, men\u00e9e par le personnel v\u00e9t\u00e9rinaire et les repr\u00e9sentants de la soci\u00e9t\u00e9 des abattoirs [&hellip;]<\/p>\n","protected":false},"author":5,"featured_media":272724,"comment_status":"open","ping_status":"open","sticky":false,"template":"","format":"standard","meta":{"footnotes":""},"categories":[63918,63957,63959,63927],"tags":[],"class_list":["post-272723","post","type-post","status-publish","format-standard","has-post-thumbnail","hentry","category-autres","category-fil-dactualite","category-mauritanie","category-slider-mauritanie"],"_links":{"self":[{"href":"https:\/\/ami.mr\/fr\/wp-json\/wp\/v2\/posts\/272723","targetHints":{"allow":["GET"]}}],"collection":[{"href":"https:\/\/ami.mr\/fr\/wp-json\/wp\/v2\/posts"}],"about":[{"href":"https:\/\/ami.mr\/fr\/wp-json\/wp\/v2\/types\/post"}],"author":[{"embeddable":true,"href":"https:\/\/ami.mr\/fr\/wp-json\/wp\/v2\/users\/5"}],"replies":[{"embeddable":true,"href":"https:\/\/ami.mr\/fr\/wp-json\/wp\/v2\/comments?post=272723"}],"version-history":[{"count":1,"href":"https:\/\/ami.mr\/fr\/wp-json\/wp\/v2\/posts\/272723\/revisions"}],"predecessor-version":[{"id":272725,"href":"https:\/\/ami.mr\/fr\/wp-json\/wp\/v2\/posts\/272723\/revisions\/272725"}],"wp:featuredmedia":[{"embeddable":true,"href":"https:\/\/ami.mr\/fr\/wp-json\/wp\/v2\/media\/272724"}],"wp:attachment":[{"href":"https:\/\/ami.mr\/fr\/wp-json\/wp\/v2\/media?parent=272723"}],"wp:term":[{"taxonomy":"category","embeddable":true,"href":"https:\/\/ami.mr\/fr\/wp-json\/wp\/v2\/categories?post=272723"},{"taxonomy":"post_tag","embeddable":true,"href":"https:\/\/ami.mr\/fr\/wp-json\/wp\/v2\/tags?post=272723"}],"curies":[{"name":"wp","href":"https:\/\/api.w.org\/{rel}","templated":true}]}}