{"id":272393,"date":"2025-05-31T11:34:27","date_gmt":"2025-05-31T11:34:27","guid":{"rendered":"https:\/\/ami.mr\/fr\/?p=272393"},"modified":"2025-05-31T11:34:27","modified_gmt":"2025-05-31T11:34:27","slug":"ouverture-dun-atelier-de-reflexion-sur-les-composantes-du-programme-durgence-pour-lacces-universel-aux-services-de-base-au-trarza","status":"publish","type":"post","link":"https:\/\/ami.mr\/fr\/archives\/272393","title":{"rendered":"Ouverture d&#8217;un atelier de r\u00e9flexion sur les composantes du Programme d&#8217;urgence pour l&#8217;acc\u00e8s universel aux services de base au Trarza"},"content":{"rendered":"<p>Le ministre de la formation professionnelle, de l\u2019artisanat et des m\u00e9tiers M. Mohamed Maalainine Ould Eyih a ouvert vendredi soir \u00e0 Rosso un atelier de r\u00e9flexion sur les composantes du programme d&#8217;urgence pour l&#8217;acc\u00e8s universel aux services de base au niveau de la wilaya du Trarza.<\/p>\n<p>Le programme, qui a allou\u00e9 26 milliards MRO au Trarza, \u00e0 r\u00e9aliser dans un d\u00e9lai de 30 mois, vise \u00e0 cr\u00e9er une dynamique \u00e9conomique et sociale devant renforcer l&#8217;efficacit\u00e9 des services de base fournis aux citoyens.<\/p>\n<p>Le ministre de la Formation professionnelle, de l&#8217;Artisanat et des M\u00e9tiers a pass\u00e9 en revue les interventions adopt\u00e9es dans l&#8217;\u00c9tat dans le cadre du programme d&#8217;urgence, sur la base des discussions qui ont eu lieu dans les forums r\u00e9gionaux pour la planification participative du d\u00e9veloppement en janvier dernier.<\/p>\n<p>Le ministre a pr\u00e9sent\u00e9 les d\u00e9tails des interventions adopt\u00e9es dans les composantes du programme au niveau de la wilaya et au niveau de chaque moughataa et commune s\u00e9par\u00e9ment, ainsi que le calendrier de mise en \u0153uvre de chaque composante et ses m\u00e9canismes de suivi.<\/p>\n<p>Il a soulign\u00e9 que les diff\u00e9rents d\u00e9partements minist\u00e9riels \u00e9taient pr\u00eats \u00e0 mettre en \u0153uvre le programme, qui comprend des \u00e9l\u00e9ments cl\u00e9s tels que l&#8217;\u00e9ducation, la sant\u00e9, l&#8217;eau, l&#8217;\u00e9lectricit\u00e9, les routes, l&#8217;agriculture, l\u2019\u00e9levage et l&#8217;autonomisation des jeunes.<\/p>\n<p>Il a ajout\u00e9 que le gouvernement du Premier ministre Moctar Ould Diay attache une grande importance \u00e0 l&#8217;acc\u00e9l\u00e9ration du rythme de mise en \u0153uvre des programmes de d\u00e9veloppement, conform\u00e9ment aux engagements pris par le Pr\u00e9sident de la R\u00e9publique M. Mohamed Ould Cheikh El Ghazouani lors des derni\u00e8res \u00e9lections pr\u00e9sidentielles.<\/p>\n<p>Pour sa part, le wali du Trarza, M. Ahmedna Ould Sidibe, a soulign\u00e9 la volont\u00e9 des hautes autorit\u00e9s de r\u00e9pondre aux dol\u00e9ances des citoyens dans le cadre d&#8217;une approche participative avec les populations, les \u00e9lus et les acteurs locaux, s&#8217;engageant \u00e0 assurer le suivi des projets mis en \u0153uvre au Trarza jusqu&#8217;\u00e0 ce qu&#8217;ils atteignent tous leurs objectifs.<\/p>\n<p>De leur c\u00f4t\u00e9, le pr\u00e9sident de la r\u00e9gion du Trarza, M. Mohamed Ould Cheikh, et le maire de Rosso, Bamba Ould Darmane, ont salu\u00e9 les efforts d\u00e9ploy\u00e9s en vue de satisfaire les aspirations des citoyens de la wilaya dans le cadre du programme d&#8217;urgence.<\/p>\n<p>Le ministre et la d\u00e9l\u00e9gation qui l&#8217;accompagne ont tenu des r\u00e9unions s\u00e9par\u00e9es avec les hakems des moughataas, les maires des communes et les acteurs locaux, au cours desquelles ils ont pr\u00e9sent\u00e9 les projets jug\u00e9s prioritaires par la population locale.<\/p>\n<p>La part de la wilaya du Trarza dans ce programme d&#8217;urgence comprend :<\/p>\n<p>&#8211; \u00c9ducation : Construction de 998 salles de classe et r\u00e9novation de 100 autres.<\/p>\n<p>&#8211; Sant\u00e9 : Construction de 4 centres de sant\u00e9 et de 11 points de sant\u00e9, r\u00e9novation de 6 centres et de 11 points de sant\u00e9, transformation de 3 points de sant\u00e9 en centres de sant\u00e9, acquisition de 14 ambulances, renforcement du personnel m\u00e9dical et acquisition d&#8217;\u00e9quipements m\u00e9dicaux pour les institutions m\u00e9dicales selon les besoins.<\/p>\n<p>&#8211; Eau potable : Forage de 89 puits art\u00e9siens, construction de 16 r\u00e9servoirs d&#8217;eau, \u00e9quipement de 14 puits art\u00e9siens, extension et r\u00e9novation de 40 r\u00e9seaux d&#8217;eau, r\u00e9habilitation des r\u00e9seaux d&#8217;eau dans les agglom\u00e9rations urbaines tout en augmentant la production, et acquisition de 8 unit\u00e9s de traitement de l&#8217;eau.<\/p>\n<p>&#8211; L&#8217;\u00e9lectricit\u00e9 : Acquisition d&#8217;un groupe \u00e9lectrog\u00e8ne, extension de 7 r\u00e9seaux \u00e9lectriques et \u00e9lectrification de 99 villages ruraux.<\/p>\n<p>&#8211; Elevage : construction de 17 \u00e9tables de vaccination pour le b\u00e9tail, forage de 4 puits pastoraux et mise en place d&#8217;une unit\u00e9 de collecte de produits laitiers.<\/p>\n<p>&#8211; Autonomisation des jeunes : Construction d&#8217;un centre de services agricoles et pastoraux, \u00e9quipement de la maison des jeunes de Rosso, formation de 398 jeunes \u00e0 la gestion, formation de 292 jeunes aux m\u00e9tiers professionnels, financement de 100 micro-entreprises, octroi de 1259 soutiens financiers aux jeunes, formation de 1448 jeunes aux techniques d&#8217;acc\u00e8s \u00e0 l&#8217;emploi, soutien aux coop\u00e9ratives de jeunes, et mobilisation de 220 jeunes pour le volontariat.<\/p>\n<p>L&#8217;atelier s&#8217;est d\u00e9roul\u00e9 en pr\u00e9sence du Conseiller du Pr\u00e9sident de la R\u00e9publique, M. Sidi Mohamed Ghaber et du Conseiller du Premier ministre, Cheikhna Hajbou.<\/p>\n","protected":false},"excerpt":{"rendered":"<p>Le ministre de la formation professionnelle, de l\u2019artisanat et des m\u00e9tiers M. Mohamed Maalainine Ould Eyih a ouvert vendredi soir \u00e0 Rosso un atelier de r\u00e9flexion sur les composantes du programme d&#8217;urgence pour l&#8217;acc\u00e8s universel aux services de base au niveau de la wilaya du Trarza. Le programme, qui a allou\u00e9 26 milliards MRO au [&hellip;]<\/p>\n","protected":false},"author":16,"featured_media":272394,"comment_status":"open","ping_status":"open","sticky":false,"template":"","format":"standard","meta":{"footnotes":""},"categories":[63920,63957,8672],"tags":[],"class_list":["post-272393","post","type-post","status-publish","format-standard","has-post-thumbnail","hentry","category-a-la-une","category-fil-dactualite","category-8672"],"_links":{"self":[{"href":"https:\/\/ami.mr\/fr\/wp-json\/wp\/v2\/posts\/272393","targetHints":{"allow":["GET"]}}],"collection":[{"href":"https:\/\/ami.mr\/fr\/wp-json\/wp\/v2\/posts"}],"about":[{"href":"https:\/\/ami.mr\/fr\/wp-json\/wp\/v2\/types\/post"}],"author":[{"embeddable":true,"href":"https:\/\/ami.mr\/fr\/wp-json\/wp\/v2\/users\/16"}],"replies":[{"embeddable":true,"href":"https:\/\/ami.mr\/fr\/wp-json\/wp\/v2\/comments?post=272393"}],"version-history":[{"count":1,"href":"https:\/\/ami.mr\/fr\/wp-json\/wp\/v2\/posts\/272393\/revisions"}],"predecessor-version":[{"id":272395,"href":"https:\/\/ami.mr\/fr\/wp-json\/wp\/v2\/posts\/272393\/revisions\/272395"}],"wp:featuredmedia":[{"embeddable":true,"href":"https:\/\/ami.mr\/fr\/wp-json\/wp\/v2\/media\/272394"}],"wp:attachment":[{"href":"https:\/\/ami.mr\/fr\/wp-json\/wp\/v2\/media?parent=272393"}],"wp:term":[{"taxonomy":"category","embeddable":true,"href":"https:\/\/ami.mr\/fr\/wp-json\/wp\/v2\/categories?post=272393"},{"taxonomy":"post_tag","embeddable":true,"href":"https:\/\/ami.mr\/fr\/wp-json\/wp\/v2\/tags?post=272393"}],"curies":[{"name":"wp","href":"https:\/\/api.w.org\/{rel}","templated":true}]}}