{"id":272332,"date":"2025-05-30T12:18:12","date_gmt":"2025-05-30T12:18:12","guid":{"rendered":"https:\/\/ami.mr\/fr\/?p=272332"},"modified":"2025-05-30T12:18:12","modified_gmt":"2025-05-30T12:18:12","slug":"le-ministre-delegue-charge-du-budget-recoit-le-representant-resident-du-fmi-en-mauritanie","status":"publish","type":"post","link":"https:\/\/ami.mr\/fr\/archives\/272332","title":{"rendered":"Le ministre d\u00e9l\u00e9gu\u00e9 charg\u00e9 du budget re\u00e7oit le repr\u00e9sentant r\u00e9sident du FMI en Mauritanie"},"content":{"rendered":"<p>Le ministre d\u00e9l\u00e9gu\u00e9 aupr\u00e8s du ministre de l\u2019\u00c9conomie et des Finances charg\u00e9 du budget, M. Codioro Moussa N\u2019gu\u00e9nore, a re\u00e7u en audience, vendredi \u00e0 Nouakchott, le repr\u00e9sentant r\u00e9sident du Fonds mon\u00e9taire international (FMI) en Mauritanie, M. Youn\u00e8s Zahar.<\/p>\n<p>L\u2019audience a permis d&#8217;examiner la coop\u00e9ration entre la Mauritanie et cette institution financi\u00e8re internationale, ainsi que les moyens de la renforcer et de la d\u00e9velopper davantage.<\/p>\n","protected":false},"excerpt":{"rendered":"<p>Le ministre d\u00e9l\u00e9gu\u00e9 aupr\u00e8s du ministre de l\u2019\u00c9conomie et des Finances charg\u00e9 du budget, M. Codioro Moussa N\u2019gu\u00e9nore, a re\u00e7u en audience, vendredi \u00e0 Nouakchott, le repr\u00e9sentant r\u00e9sident du Fonds mon\u00e9taire international (FMI) en Mauritanie, M. Youn\u00e8s Zahar. L\u2019audience a permis d&#8217;examiner la coop\u00e9ration entre la Mauritanie et cette institution financi\u00e8re internationale, ainsi que les [&hellip;]<\/p>\n","protected":false},"author":10,"featured_media":272333,"comment_status":"open","ping_status":"open","sticky":false,"template":"","format":"standard","meta":{"footnotes":""},"categories":[63918,63957,63959],"tags":[],"class_list":["post-272332","post","type-post","status-publish","format-standard","has-post-thumbnail","hentry","category-autres","category-fil-dactualite","category-mauritanie"],"_links":{"self":[{"href":"https:\/\/ami.mr\/fr\/wp-json\/wp\/v2\/posts\/272332","targetHints":{"allow":["GET"]}}],"collection":[{"href":"https:\/\/ami.mr\/fr\/wp-json\/wp\/v2\/posts"}],"about":[{"href":"https:\/\/ami.mr\/fr\/wp-json\/wp\/v2\/types\/post"}],"author":[{"embeddable":true,"href":"https:\/\/ami.mr\/fr\/wp-json\/wp\/v2\/users\/10"}],"replies":[{"embeddable":true,"href":"https:\/\/ami.mr\/fr\/wp-json\/wp\/v2\/comments?post=272332"}],"version-history":[{"count":1,"href":"https:\/\/ami.mr\/fr\/wp-json\/wp\/v2\/posts\/272332\/revisions"}],"predecessor-version":[{"id":272334,"href":"https:\/\/ami.mr\/fr\/wp-json\/wp\/v2\/posts\/272332\/revisions\/272334"}],"wp:featuredmedia":[{"embeddable":true,"href":"https:\/\/ami.mr\/fr\/wp-json\/wp\/v2\/media\/272333"}],"wp:attachment":[{"href":"https:\/\/ami.mr\/fr\/wp-json\/wp\/v2\/media?parent=272332"}],"wp:term":[{"taxonomy":"category","embeddable":true,"href":"https:\/\/ami.mr\/fr\/wp-json\/wp\/v2\/categories?post=272332"},{"taxonomy":"post_tag","embeddable":true,"href":"https:\/\/ami.mr\/fr\/wp-json\/wp\/v2\/tags?post=272332"}],"curies":[{"name":"wp","href":"https:\/\/api.w.org\/{rel}","templated":true}]}}