{"id":272230,"date":"2025-05-29T13:17:19","date_gmt":"2025-05-29T13:17:19","guid":{"rendered":"https:\/\/ami.mr\/fr\/?p=272230"},"modified":"2025-05-29T13:17:19","modified_gmt":"2025-05-29T13:17:19","slug":"le-ministre-de-la-transformation-numerique-mon-departement-semploie-a-mettre-en-oeuvre-la-vision-globale-du-president-de-la-republique","status":"publish","type":"post","link":"https:\/\/ami.mr\/fr\/archives\/272230","title":{"rendered":"Le ministre de la Transformation num\u00e9rique : &#8221;mon d\u00e9partement s&#8217;emploie \u00e0 mettre en \u0153uvre la vision globale du Pr\u00e9sident de la R\u00e9publique&#8221;"},"content":{"rendered":"<p>L&#8217;assembl\u00e9e nationale a tenu, jeudi, une s\u00e9ance publique pr\u00e9sid\u00e9e par le d\u00e9put\u00e9 Mohamed Vih El Barka Bah, vice-pr\u00e9sident de l&#8217;assembl\u00e9e, pour \u00e9couter la r\u00e9ponse du ministre de la Transformation num\u00e9rique et de la Modernisation de l&#8217;Administration, M. Ahmed Salem Badde Tchagha, \u00e0 une question orale suivie d&#8217;une discussion, formul\u00e9e par le d\u00e9put\u00e9 Sid\u2019Ahmed Mohamed El Hassen.<\/p>\n<p>Dans sa question, le d\u00e9put\u00e9 a indiqu\u00e9 que la transition vers la num\u00e9risation est devenue une n\u00e9cessit\u00e9 urgente pour suivre le rythme de l\u2019\u00e9volution technologique moderne, soulignant que la Mauritanie a adopt\u00e9 l&#8217;agenda national pour la transformation num\u00e9rique 2022-2025, en vue d\u2019acc\u00e9l\u00e9rer le rythme de la num\u00e9risation des gouvernementaux.<\/p>\n<p>Il s&#8217;est interrog\u00e9 sur l&#8217;impact de la mise en \u0153uvre de cet agenda sur la performance des secteurs publics, l\u2019existence de l&#8217;infrastructure technologique n\u00e9cessaire pour surmonter les obstacles qui entravent cette transformation, \u00e0 quel degr\u00e9 l&#8217;arsenal juridique suit le rythme de des exigences, en plus des comp\u00e9tences humaines capables d\u2019accompagne cette transformation num\u00e9rique.<\/p>\n<p>Dans sa r\u00e9ponse, le ministre a indiqu\u00e9 que \u2018\u2019la num\u00e9risation est devenue l&#8217;un des moteurs les plus importants du d\u00e9veloppement \u00e9conomique et social de l&#8217;\u00e8re moderne, en raison de son r\u00f4le vital dans l&#8217;am\u00e9lioration de l&#8217;efficacit\u00e9 des institutions, la simplification des proc\u00e9dures, la transparence et la cr\u00e9ation de services de qualit\u00e9 qui r\u00e9pondent aux aspirations des citoyens quant aux services qui leur sont fournis\u2019\u2019, dit -il.<\/p>\n<p>Il a ajout\u00e9 que \u2018\u2019la Mauritanie, depuis l\u2019accession de Son Excellence le Pr\u00e9sident de la R\u00e9publique, Monsieur Mohamed Ould Cheikh El Ghazouani, au pouvoir, a pris conscience de l&#8217;importance de cette transformation cruciale, d\u00e9ployant des efforts inlassables pour parvenir \u00e0 une num\u00e9risation compl\u00e8te et efficace, ce qui a abouti \u00e0 la cr\u00e9ation d&#8217;un d\u00e9partement minist\u00e9riel charg\u00e9 de cette question, \u00e9laborant un ambitieux agenda national de transformation num\u00e9rique 2022-2025, bas\u00e9 sur quatre axes principaux : le d\u00e9veloppement des infrastructures num\u00e9riques, l&#8217;am\u00e9lioration de la gestion num\u00e9rique, la transformation num\u00e9rique sectorielle, en dotant les secteurs vitaux d&#8217;outils et de technologies modernes, et la promotion de l&#8217;innovation et de l&#8217;entrepreneuriat\u2019\u2019, pr\u00e9cise \u2013 t- il.<\/p>\n<p>M. le ministre a affirm\u00e9 qu&#8217;en plus de ce programme, des strat\u00e9gies nationales compl\u00e9mentaires ont \u00e9t\u00e9 adopt\u00e9es, dont la modernisation de la gestion, la cybers\u00e9curit\u00e9, l&#8217;intelligence artificielle, les donn\u00e9es ouvertes et l&#8217;interop\u00e9rabilit\u00e9.<\/p>\n<p>Il a, enfin, soulign\u00e9 que le gouvernement, repr\u00e9sent\u00e9 par son d\u00e9partement, \u0153uvre \u00e0 incarner la vision de Son Excellence le Pr\u00e9sident de la R\u00e9publique, qui fait de la num\u00e9risation la cl\u00e9 de vo\u00fbte de la modernisation de l&#8217;administration, un outil de promotion de la justice sociale, et un levier de comp\u00e9titivit\u00e9 de l&#8217;\u00e9conomie nationale, citant plusieurs projets de services mis en \u0153uvre par son d\u00e9partement au profit des citoyens.<\/p>\n","protected":false},"excerpt":{"rendered":"<p>L&#8217;assembl\u00e9e nationale a tenu, jeudi, une s\u00e9ance publique pr\u00e9sid\u00e9e par le d\u00e9put\u00e9 Mohamed Vih El Barka Bah, vice-pr\u00e9sident de l&#8217;assembl\u00e9e, pour \u00e9couter la r\u00e9ponse du ministre de la Transformation num\u00e9rique et de la Modernisation de l&#8217;Administration, M. Ahmed Salem Badde Tchagha, \u00e0 une question orale suivie d&#8217;une discussion, formul\u00e9e par le d\u00e9put\u00e9 Sid\u2019Ahmed Mohamed El [&hellip;]<\/p>\n","protected":false},"author":16,"featured_media":272231,"comment_status":"open","ping_status":"open","sticky":false,"template":"","format":"standard","meta":{"footnotes":""},"categories":[63920,63957,63959,63927],"tags":[],"class_list":["post-272230","post","type-post","status-publish","format-standard","has-post-thumbnail","hentry","category-a-la-une","category-fil-dactualite","category-mauritanie","category-slider-mauritanie"],"_links":{"self":[{"href":"https:\/\/ami.mr\/fr\/wp-json\/wp\/v2\/posts\/272230","targetHints":{"allow":["GET"]}}],"collection":[{"href":"https:\/\/ami.mr\/fr\/wp-json\/wp\/v2\/posts"}],"about":[{"href":"https:\/\/ami.mr\/fr\/wp-json\/wp\/v2\/types\/post"}],"author":[{"embeddable":true,"href":"https:\/\/ami.mr\/fr\/wp-json\/wp\/v2\/users\/16"}],"replies":[{"embeddable":true,"href":"https:\/\/ami.mr\/fr\/wp-json\/wp\/v2\/comments?post=272230"}],"version-history":[{"count":1,"href":"https:\/\/ami.mr\/fr\/wp-json\/wp\/v2\/posts\/272230\/revisions"}],"predecessor-version":[{"id":272232,"href":"https:\/\/ami.mr\/fr\/wp-json\/wp\/v2\/posts\/272230\/revisions\/272232"}],"wp:featuredmedia":[{"embeddable":true,"href":"https:\/\/ami.mr\/fr\/wp-json\/wp\/v2\/media\/272231"}],"wp:attachment":[{"href":"https:\/\/ami.mr\/fr\/wp-json\/wp\/v2\/media?parent=272230"}],"wp:term":[{"taxonomy":"category","embeddable":true,"href":"https:\/\/ami.mr\/fr\/wp-json\/wp\/v2\/categories?post=272230"},{"taxonomy":"post_tag","embeddable":true,"href":"https:\/\/ami.mr\/fr\/wp-json\/wp\/v2\/tags?post=272230"}],"curies":[{"name":"wp","href":"https:\/\/api.w.org\/{rel}","templated":true}]}}