{"id":272177,"date":"2025-05-28T18:33:31","date_gmt":"2025-05-28T18:33:31","guid":{"rendered":"https:\/\/ami.mr\/fr\/?p=272177"},"modified":"2025-05-28T18:33:31","modified_gmt":"2025-05-28T18:33:31","slug":"le-president-de-lassemblee-nationale-recoit-le-charge-daffaires-de-lambassade-du-soudan","status":"publish","type":"post","link":"https:\/\/ami.mr\/fr\/archives\/272177","title":{"rendered":"Le Pr\u00e9sident de l&#8217;Assembl\u00e9e Nationale re\u00e7oit le Charg\u00e9 d&#8217;affaires de l&#8217;Ambassade du Soudan"},"content":{"rendered":"<div class=\"cell auto-size\">\n<div class=\"set-border bd-gray padding10 margin10 no-margin-right no-margin-left \" dir=\"ltr\">\n<p>Le pr\u00e9sident de l&#8217;Assembl\u00e9e nationale, M. Mohamed Bembe Meguett, a re\u00e7u, mercredi matin, au si\u00e8ge de l&#8217;Assembl\u00e9e, \u00e0 Nouakchott, le charg\u00e9 d&#8217;affaires de l&#8217;ambassade de la R\u00e9publique du Soudan \u00e0 Nouakchott, M. Abdelhamid Bushra Ibrahim.<\/p>\n<p>L&#8217;entretien a port\u00e9 sur les relations de coop\u00e9ration entre les deux pays fr\u00e8res, ainsi que sur les questions d&#8217;int\u00e9r\u00eat commun.<\/p>\n<p>La r\u00e9union s&#8217;est d\u00e9roul\u00e9e en pr\u00e9sence de M. Mohamed Yahya Ould Haye, charg\u00e9 de missions \u00e0 l&#8217;Assembl\u00e9e nationale.<\/p>\n<\/div>\n<\/div>\n","protected":false},"excerpt":{"rendered":"<p>Le pr\u00e9sident de l&#8217;Assembl\u00e9e nationale, M. Mohamed Bembe Meguett, a re\u00e7u, mercredi matin, au si\u00e8ge de l&#8217;Assembl\u00e9e, \u00e0 Nouakchott, le charg\u00e9 d&#8217;affaires de l&#8217;ambassade de la R\u00e9publique du Soudan \u00e0 Nouakchott, M. Abdelhamid Bushra Ibrahim. L&#8217;entretien a port\u00e9 sur les relations de coop\u00e9ration entre les deux pays fr\u00e8res, ainsi que sur les questions d&#8217;int\u00e9r\u00eat commun. [&hellip;]<\/p>\n","protected":false},"author":17,"featured_media":272178,"comment_status":"open","ping_status":"open","sticky":false,"template":"","format":"standard","meta":{"footnotes":""},"categories":[63957,63959,63921],"tags":[],"class_list":["post-272177","post","type-post","status-publish","format-standard","has-post-thumbnail","hentry","category-fil-dactualite","category-mauritanie","category-slider-afficher"],"_links":{"self":[{"href":"https:\/\/ami.mr\/fr\/wp-json\/wp\/v2\/posts\/272177","targetHints":{"allow":["GET"]}}],"collection":[{"href":"https:\/\/ami.mr\/fr\/wp-json\/wp\/v2\/posts"}],"about":[{"href":"https:\/\/ami.mr\/fr\/wp-json\/wp\/v2\/types\/post"}],"author":[{"embeddable":true,"href":"https:\/\/ami.mr\/fr\/wp-json\/wp\/v2\/users\/17"}],"replies":[{"embeddable":true,"href":"https:\/\/ami.mr\/fr\/wp-json\/wp\/v2\/comments?post=272177"}],"version-history":[{"count":1,"href":"https:\/\/ami.mr\/fr\/wp-json\/wp\/v2\/posts\/272177\/revisions"}],"predecessor-version":[{"id":272179,"href":"https:\/\/ami.mr\/fr\/wp-json\/wp\/v2\/posts\/272177\/revisions\/272179"}],"wp:featuredmedia":[{"embeddable":true,"href":"https:\/\/ami.mr\/fr\/wp-json\/wp\/v2\/media\/272178"}],"wp:attachment":[{"href":"https:\/\/ami.mr\/fr\/wp-json\/wp\/v2\/media?parent=272177"}],"wp:term":[{"taxonomy":"category","embeddable":true,"href":"https:\/\/ami.mr\/fr\/wp-json\/wp\/v2\/categories?post=272177"},{"taxonomy":"post_tag","embeddable":true,"href":"https:\/\/ami.mr\/fr\/wp-json\/wp\/v2\/tags?post=272177"}],"curies":[{"name":"wp","href":"https:\/\/api.w.org\/{rel}","templated":true}]}}