{"id":271914,"date":"2025-05-26T17:40:54","date_gmt":"2025-05-26T17:40:54","guid":{"rendered":"https:\/\/ami.mr\/fr\/?p=271914"},"modified":"2025-05-26T19:04:36","modified_gmt":"2025-05-26T19:04:36","slug":"le-president-de-la-republique-recoit-le-rapport-annuel-de-lobservatoire-national-des-droits-de-la-femme-et-de-la-fille","status":"publish","type":"post","link":"https:\/\/ami.mr\/fr\/archives\/271914","title":{"rendered":"Le Pr\u00e9sident de la R\u00e9publique re\u00e7oit le rapport annuel de l&#8217;Observatoire National des Droits de la Femme et de la Fille"},"content":{"rendered":"<p>Le Pr\u00e9sident de la R\u00e9publique, M. Mohamed Ould Cheikh El-Ghazouani, a re\u00e7u, lundi, au Palais pr\u00e9sidentiel \u00e0 Nouakchott, le rapport annuel de l&#8217;Observatoire national des droits de la femme et de la fille, au cours d&#8217;un entretien avec la pr\u00e9sidente de l&#8217;Observatoire, Mme Mahla Ahmed Talebna.<\/p>\n<p>Dans une d\u00e9claration \u00e0 l&#8217;issue de l&#8217;audience, la responsable de l&#8217;Observatoire a fait la d\u00e9claration suivante \u00e0 l&#8217;Agence Mauritanienne d&#8217;Information (AMI) :<\/p>\n<p>\u00ab J&#8217;ai eu le grand honneur d&#8217;\u00eatre re\u00e7u par Son Excellence Monsieur Mohamed Ould Cheikh El-Ghazouani, Pr\u00e9sident de la R\u00e9publique, pour lui remettre le rapport annuel 2024 de l&#8217;Observatoire National des Droits de la Femme et de la Fille sur la situation des droits de la femme et de la fille dans notre pays.<\/p>\n<p>Ce rapport comprend une pr\u00e9sentation de l&#8217;ensemble des activit\u00e9s men\u00e9es par l&#8217;Observatoire au cours de l&#8217;ann\u00e9e 2024, ainsi que les d\u00e9fis multidimensionnels auxquels l&#8217;institution est confront\u00e9e et qui font obstacle \u00e0 la r\u00e9alisation des objectifs fix\u00e9s par les autorit\u00e9s supr\u00eames du pays, notamment la question de la faible coordination entre les organismes gouvernementaux directement concern\u00e9s par la protection et la promotion des droits des femmes et des filles. Il rappelle qu&#8217;aucune institution publique ne peut r\u00e9ussir dans ses missions et atteindre les objectifs qui lui sont fix\u00e9s sans que les secteurs gouvernementaux ne cherchent \u00e0 renforcer le principe de solidarit\u00e9 gouvernementale et \u00e0 apporter un soutien clair des organismes sp\u00e9cialis\u00e9s aux institutions de d\u00e9fense des droits de l&#8217;homme.<\/p>\n<p><img decoding=\"async\" class=\"size-medium wp-image-271935 alignleft\" src=\"https:\/\/ami.mr\/fr\/wp-content\/uploads\/2025\/05\/\u0645\u0647\u0644\u0629-300x172.jpg\" alt=\"\" width=\"300\" height=\"172\" srcset=\"https:\/\/ami.mr\/fr\/wp-content\/uploads\/2025\/05\/\u0645\u0647\u0644\u0629-300x172.jpg 300w, https:\/\/ami.mr\/fr\/wp-content\/uploads\/2025\/05\/\u0645\u0647\u0644\u0629-1024x586.jpg 1024w, https:\/\/ami.mr\/fr\/wp-content\/uploads\/2025\/05\/\u0645\u0647\u0644\u0629-768x439.jpg 768w, https:\/\/ami.mr\/fr\/wp-content\/uploads\/2025\/05\/\u0645\u0647\u0644\u0629-1536x879.jpg 1536w, https:\/\/ami.mr\/fr\/wp-content\/uploads\/2025\/05\/\u0645\u0647\u0644\u0629-2048x1172.jpg 2048w, https:\/\/ami.mr\/fr\/wp-content\/uploads\/2025\/05\/\u0645\u0647\u0644\u0629-750x430.jpg 750w\" sizes=\"(max-width: 300px) 100vw, 300px\" \/>Le rapport pr\u00e9sente un certain nombre de propositions et de recommandations aux autorit\u00e9s ex\u00e9cutives, l\u00e9gislatives et judiciaires afin d&#8217;am\u00e9liorer la justice sociale et l&#8217;\u00e9galit\u00e9 des droits entre les sexes, et nous esp\u00e9rons que le gouvernement les examinera rapidement et prendra des mesures concr\u00e8tes \u00e0 leur sujet, par exemple :<\/p>\n<p>&#8211; L&#8217;urgence d&#8217;adopter une loi qui prot\u00e8ge les femmes et les filles contre les violences faites aux femmes et aux filles, qui sont omnipr\u00e9sentes dans la soci\u00e9t\u00e9, les zones rurales, les groupes vuln\u00e9rables et partout, et de travailler \u00e0 l&#8217;\u00e9limination des causes qui conduisent \u00e0 la violence contre les femmes et les filles et au silence \u00e0 ce sujet (la pauvret\u00e9, l&#8217;ignorance, la n\u00e9cessit\u00e9 de l&#8217;autonomisation sociale et \u00e9conomique et l&#8217;\u00e9l\u00e9vation du niveau de participation des femmes&#8230;).<\/p>\n<p>&#8211; La fourniture d&#8217;une aide juridique et la n\u00e9cessit\u00e9 de cr\u00e9er des tribunaux sp\u00e9ciaux pour les affaires familiales et les violations des droits des femmes et des filles afin de lutter contre la violence sous toutes ses formes et de traiter les questions de pension alimentaire pour les femmes divorc\u00e9es et leurs enfants, entre autres.<\/p>\n<p>&#8211; \u0152uvrer \u00e0 la cons\u00e9cration de l&#8217;\u00e9galit\u00e9 des sexes dans l&#8217;acc\u00e8s aux postes de direction dans les sph\u00e8res administratives et politiques \u00e9lectorales.<\/p>\n<p>&#8211; Plaider pour la promotion des droits \u00e9conomiques des femmes et fournir un soutien financier et technique aux femmes pour qu&#8217;elles puissent lancer de petits projets qui contribuent \u00e0 am\u00e9liorer leur statut \u00e9conomique ; et se concentrer sur des programmes qui ciblent les femmes dans les zones rurales pour les rendre autonomes et les encourager \u00e0 poursuivre l&#8217;\u00e9ducation des filles aux niveaux primaire, secondaire et post-secondaire.<\/p>\n<p>Je suis vraiment ravie et je remercie Son Excellence le Pr\u00e9sident de la R\u00e9publique pour cette rencontre, pour son \u00e9coute et pour la confiance qu&#8217;il a plac\u00e9e en moi et en mes coll\u00e8gues du comit\u00e9 directeur, sans laquelle nous n&#8217;aurions pas pu faire ce travail.<\/p>\n<p>Je saisis \u00e9galement cette occasion pour remercier les membres du Conseil d&#8217;orientation de l&#8217;Observatoire, son personnel, les universitaires, la soci\u00e9t\u00e9 civile, les partenaires internationaux, les secteurs publics collaborateurs et tous les acteurs qui ont contribu\u00e9 d&#8217;une mani\u00e8re ou d&#8217;une autre \u00e0 la mise en \u0153uvre des activit\u00e9s de l&#8217;Observatoire et \u00e0 l&#8217;\u00e9laboration de ce rapport \u00bb.<\/p>\n","protected":false},"excerpt":{"rendered":"<p>Le Pr\u00e9sident de la R\u00e9publique, M. Mohamed Ould Cheikh El-Ghazouani, a re\u00e7u, lundi, au Palais pr\u00e9sidentiel \u00e0 Nouakchott, le rapport annuel de l&#8217;Observatoire national des droits de la femme et de la fille, au cours d&#8217;un entretien avec la pr\u00e9sidente de l&#8217;Observatoire, Mme Mahla Ahmed Talebna. Dans une d\u00e9claration \u00e0 l&#8217;issue de l&#8217;audience, la responsable [&hellip;]<\/p>\n","protected":false},"author":5,"featured_media":271915,"comment_status":"open","ping_status":"open","sticky":false,"template":"","format":"standard","meta":{"footnotes":""},"categories":[63957,63959,63921,63927],"tags":[],"class_list":["post-271914","post","type-post","status-publish","format-standard","has-post-thumbnail","hentry","category-fil-dactualite","category-mauritanie","category-slider-afficher","category-slider-mauritanie"],"_links":{"self":[{"href":"https:\/\/ami.mr\/fr\/wp-json\/wp\/v2\/posts\/271914","targetHints":{"allow":["GET"]}}],"collection":[{"href":"https:\/\/ami.mr\/fr\/wp-json\/wp\/v2\/posts"}],"about":[{"href":"https:\/\/ami.mr\/fr\/wp-json\/wp\/v2\/types\/post"}],"author":[{"embeddable":true,"href":"https:\/\/ami.mr\/fr\/wp-json\/wp\/v2\/users\/5"}],"replies":[{"embeddable":true,"href":"https:\/\/ami.mr\/fr\/wp-json\/wp\/v2\/comments?post=271914"}],"version-history":[{"count":3,"href":"https:\/\/ami.mr\/fr\/wp-json\/wp\/v2\/posts\/271914\/revisions"}],"predecessor-version":[{"id":271937,"href":"https:\/\/ami.mr\/fr\/wp-json\/wp\/v2\/posts\/271914\/revisions\/271937"}],"wp:featuredmedia":[{"embeddable":true,"href":"https:\/\/ami.mr\/fr\/wp-json\/wp\/v2\/media\/271915"}],"wp:attachment":[{"href":"https:\/\/ami.mr\/fr\/wp-json\/wp\/v2\/media?parent=271914"}],"wp:term":[{"taxonomy":"category","embeddable":true,"href":"https:\/\/ami.mr\/fr\/wp-json\/wp\/v2\/categories?post=271914"},{"taxonomy":"post_tag","embeddable":true,"href":"https:\/\/ami.mr\/fr\/wp-json\/wp\/v2\/tags?post=271914"}],"curies":[{"name":"wp","href":"https:\/\/api.w.org\/{rel}","templated":true}]}}