{"id":271884,"date":"2025-05-26T12:00:55","date_gmt":"2025-05-26T12:00:55","guid":{"rendered":"https:\/\/ami.mr\/fr\/?p=271884"},"modified":"2025-05-26T12:00:55","modified_gmt":"2025-05-26T12:00:55","slug":"le-ministre-delegue-charge-du-budget-recoit-une-delegation-de-la-commission-de-developpement-du-parlement-europeen","status":"publish","type":"post","link":"https:\/\/ami.mr\/fr\/archives\/271884","title":{"rendered":"Le ministre d\u00e9l\u00e9gu\u00e9 charg\u00e9 du budget re\u00e7oit une d\u00e9l\u00e9gation de la Commission de d\u00e9veloppement du parlement europ\u00e9en"},"content":{"rendered":"<div class=\"cell auto-size\">\n<div class=\"set-border bd-gray padding10 margin10 no-margin-right no-margin-left \" dir=\"ltr\">\n<p>Le ministre d\u00e9l\u00e9gu\u00e9 aupr\u00e8s du ministre de l\u2019Economie et des Finances, charg\u00e9 du budget, M. Codioro Moussa N\u2019guenore a re\u00e7u, lundi \u00e0 Nouakchott, une d\u00e9l\u00e9gation du parlement europ\u00e9en conduite par Mme Hildegard Bentele, cheffe de mission, et comprenant : M. Reinhold Lopatka, M. Robert Biedron, Mme Murielle Laurent, et M. Rody Tolassy.<\/p>\n<p>Les discussions entre les deux parties se sont concentr\u00e9es sur les synergies possibles entre les initiatives de d\u00e9veloppement de l\u2019Union europ\u00e9enne et les objectifs de la Mauritanie, notamment en mati\u00e8re de croissance \u00e9conomique, d\u2019\u00e9radication de la pauvret\u00e9 et de d\u00e9veloppement durable.<\/p>\n<p>Au cours de la r\u00e9union , le ministre d\u00e9l\u00e9gu\u00e9 a soulign\u00e9 l\u2019importance de la coop\u00e9ration dans les domaines de l\u2019\u00e9ducation, la sant\u00e9 et la gestion des ressources naturelles, tout en r\u00e9affirmant l\u2019engagement de la Mauritanie \u00e0 travailler en \u00e9troite collaboration avec l\u2019Union europ\u00e9enne pour atteindre les objectifs fix\u00e9s par la SCAPP.<\/p>\n<p>Les \u00e9changes ont, \u00e9galement, permis de mettre en avant les priorit\u00e9s de la Mauritanie et de discuter des m\u00e9canismes de financement et de soutien que l\u2019Union europ\u00e9enne pourrait apporter aux politiques de d\u00e9veloppement du pays.<\/p>\n<p>Etaient pr\u00e9sents \u00e0 cette r\u00e9union messieurs: Diallo Amadou Abdoulaye, directeur de cabinet du ministre , Tasso Vilallonga, ambassadeur de l\u2019Union europ\u00e9enne accr\u00e9dit\u00e9 en Mauritanie, Cheikhna beddad, directeur g\u00e9n\u00e9ral des strat\u00e9gies au minist\u00e8re de l\u2019Economie et des Finances et Mahfoudh Mohamedou, directeur g\u00e9n\u00e9ral adjoint des financements et de la coop\u00e9ration \u00e9conomique au minist\u00e8re de l\u2019Economie et des Finances.<\/p>\n<\/div>\n<\/div>\n","protected":false},"excerpt":{"rendered":"<p>Le ministre d\u00e9l\u00e9gu\u00e9 aupr\u00e8s du ministre de l\u2019Economie et des Finances, charg\u00e9 du budget, M. Codioro Moussa N\u2019guenore a re\u00e7u, lundi \u00e0 Nouakchott, une d\u00e9l\u00e9gation du parlement europ\u00e9en conduite par Mme Hildegard Bentele, cheffe de mission, et comprenant : M. Reinhold Lopatka, M. Robert Biedron, Mme Murielle Laurent, et M. Rody Tolassy. Les discussions entre [&hellip;]<\/p>\n","protected":false},"author":10,"featured_media":271885,"comment_status":"open","ping_status":"open","sticky":false,"template":"","format":"standard","meta":{"footnotes":""},"categories":[63918,63957,63959],"tags":[],"class_list":["post-271884","post","type-post","status-publish","format-standard","has-post-thumbnail","hentry","category-autres","category-fil-dactualite","category-mauritanie"],"_links":{"self":[{"href":"https:\/\/ami.mr\/fr\/wp-json\/wp\/v2\/posts\/271884","targetHints":{"allow":["GET"]}}],"collection":[{"href":"https:\/\/ami.mr\/fr\/wp-json\/wp\/v2\/posts"}],"about":[{"href":"https:\/\/ami.mr\/fr\/wp-json\/wp\/v2\/types\/post"}],"author":[{"embeddable":true,"href":"https:\/\/ami.mr\/fr\/wp-json\/wp\/v2\/users\/10"}],"replies":[{"embeddable":true,"href":"https:\/\/ami.mr\/fr\/wp-json\/wp\/v2\/comments?post=271884"}],"version-history":[{"count":1,"href":"https:\/\/ami.mr\/fr\/wp-json\/wp\/v2\/posts\/271884\/revisions"}],"predecessor-version":[{"id":271886,"href":"https:\/\/ami.mr\/fr\/wp-json\/wp\/v2\/posts\/271884\/revisions\/271886"}],"wp:featuredmedia":[{"embeddable":true,"href":"https:\/\/ami.mr\/fr\/wp-json\/wp\/v2\/media\/271885"}],"wp:attachment":[{"href":"https:\/\/ami.mr\/fr\/wp-json\/wp\/v2\/media?parent=271884"}],"wp:term":[{"taxonomy":"category","embeddable":true,"href":"https:\/\/ami.mr\/fr\/wp-json\/wp\/v2\/categories?post=271884"},{"taxonomy":"post_tag","embeddable":true,"href":"https:\/\/ami.mr\/fr\/wp-json\/wp\/v2\/tags?post=271884"}],"curies":[{"name":"wp","href":"https:\/\/api.w.org\/{rel}","templated":true}]}}