{"id":271752,"date":"2025-05-23T19:28:22","date_gmt":"2025-05-23T19:28:22","guid":{"rendered":"https:\/\/ami.mr\/fr\/?p=271752"},"modified":"2025-05-23T19:28:22","modified_gmt":"2025-05-23T19:28:22","slug":"annonce-de-la-creation-de-lassociation-des-cheikhs-de-mahadras-dans-la-wilaya-du-tagant","status":"publish","type":"post","link":"https:\/\/ami.mr\/fr\/archives\/271752","title":{"rendered":"Annonce de la cr\u00e9ation de l&#8217;Association des Cheikhs de Mahadras dans la wilaya du Tagant"},"content":{"rendered":"<div class=\"row\">\n<div class=\"cell auto-size bd-gray\" dir=\"ltr\"><\/div>\n<\/div>\n<div class=\"row\">\n<div class=\"cell auto-size\">\n<div class=\"set-border bd-gray padding10 margin10 no-margin-right no-margin-left \" dir=\"ltr\">\n<p>Le wali adjoint du Tagant, M. Mohamed Abdelfattah Ould Ahmeti, a supervis\u00e9, vendredi matin, dans la ville de Tidjikja, la c\u00e9r\u00e9monie de lancement officiel de l&#8217;Association des Cheikhs de Mahadras dans la wilaya du Tagant.<\/p>\n<p>Dans une allocution prononc\u00e9e \u00e0 cette occasion, le Wali Adjoint a mis en exergue l&#8217;importance de la Mahadra qui est consid\u00e9r\u00e9e comme le meilleur ambassadeur de ce pays \u00e0 travers ses dipl\u00f4m\u00e9s qui ont voyag\u00e9 \u00e0 travers le monde et ont prouv\u00e9 leur valeur et leur excellence.<\/p>\n<p>S.E. le Pr\u00e9sident de la R\u00e9publique, Mohamed Ould Cheikh El Ghazouani, accorde une attention particuli\u00e8re \u00e0 la Mahadra et \u00e0 ses dipl\u00f4m\u00e9s, notamment les savants, les cheikhs et les imams, a-t-il dit, passant en revue quelques-unes des r\u00e9alisations accomplies dans ce secteur, notamment la cr\u00e9ation d&#8217;un prix annuel pour la m\u00e9morisation et la compr\u00e9hension des textes de la Mahadra, encourageant ainsi les jeunes \u00e0 concourir dans les diff\u00e9rentes sciences de la Charia.<\/p>\n<p>L&#8217;adjointe au maire de la municipalit\u00e9 de Tidjikja, Mme Aicha Mint Mellil, a salu\u00e9 la cr\u00e9ation de cette association, qui sera un levier essentiel pour promouvoir la diffusion des sciences et du savoir, notant que le conseil municipal soutiendra cette association pour qu&#8217;elle atteigne ses nobles objectifs.<\/p>\n<p>Les Imams Mohamed Vall Ould Abdelkader, Pr\u00e9sident de l&#8217;Association des Cheikhs de Mahadra au niveau de la wilaya, et Sidi Mohamed Ould Hamza, Secr\u00e9taire G\u00e9n\u00e9ral de l&#8217;Association des Imams, ont pr\u00e9sent\u00e9 des expos\u00e9s dans lesquels ils ont lou\u00e9 l&#8217;attention accord\u00e9e par le Pr\u00e9sident de la R\u00e9publique, M. Mohamed Ould Cheikh El Ghazouani, aux Imams, Cheikhs et \u00e9tudiants des Mahadras \u00e0 travers le recrutement d&#8217;Imams et de Muezzins et l&#8217;institution du Prix du Pr\u00e9sident de la R\u00e9publique pour la m\u00e9morisation et la compr\u00e9hension des textes de la Chari&#8217;a.<\/p>\n<p>Un grand nombre de cheikhs et d&#8217;imams de toute la wilaya ont assist\u00e9 \u00e0 la c\u00e9r\u00e9monie.<\/p>\n<\/div>\n<\/div>\n<\/div>\n","protected":false},"excerpt":{"rendered":"<p>Le wali adjoint du Tagant, M. Mohamed Abdelfattah Ould Ahmeti, a supervis\u00e9, vendredi matin, dans la ville de Tidjikja, la c\u00e9r\u00e9monie de lancement officiel de l&#8217;Association des Cheikhs de Mahadras dans la wilaya du Tagant. Dans une allocution prononc\u00e9e \u00e0 cette occasion, le Wali Adjoint a mis en exergue l&#8217;importance de la Mahadra qui est [&hellip;]<\/p>\n","protected":false},"author":8,"featured_media":271753,"comment_status":"open","ping_status":"open","sticky":false,"template":"","format":"standard","meta":{"footnotes":""},"categories":[63918,63957],"tags":[],"class_list":["post-271752","post","type-post","status-publish","format-standard","has-post-thumbnail","hentry","category-autres","category-fil-dactualite"],"_links":{"self":[{"href":"https:\/\/ami.mr\/fr\/wp-json\/wp\/v2\/posts\/271752","targetHints":{"allow":["GET"]}}],"collection":[{"href":"https:\/\/ami.mr\/fr\/wp-json\/wp\/v2\/posts"}],"about":[{"href":"https:\/\/ami.mr\/fr\/wp-json\/wp\/v2\/types\/post"}],"author":[{"embeddable":true,"href":"https:\/\/ami.mr\/fr\/wp-json\/wp\/v2\/users\/8"}],"replies":[{"embeddable":true,"href":"https:\/\/ami.mr\/fr\/wp-json\/wp\/v2\/comments?post=271752"}],"version-history":[{"count":1,"href":"https:\/\/ami.mr\/fr\/wp-json\/wp\/v2\/posts\/271752\/revisions"}],"predecessor-version":[{"id":271754,"href":"https:\/\/ami.mr\/fr\/wp-json\/wp\/v2\/posts\/271752\/revisions\/271754"}],"wp:featuredmedia":[{"embeddable":true,"href":"https:\/\/ami.mr\/fr\/wp-json\/wp\/v2\/media\/271753"}],"wp:attachment":[{"href":"https:\/\/ami.mr\/fr\/wp-json\/wp\/v2\/media?parent=271752"}],"wp:term":[{"taxonomy":"category","embeddable":true,"href":"https:\/\/ami.mr\/fr\/wp-json\/wp\/v2\/categories?post=271752"},{"taxonomy":"post_tag","embeddable":true,"href":"https:\/\/ami.mr\/fr\/wp-json\/wp\/v2\/tags?post=271752"}],"curies":[{"name":"wp","href":"https:\/\/api.w.org\/{rel}","templated":true}]}}