{"id":271544,"date":"2025-05-21T19:41:58","date_gmt":"2025-05-21T19:41:58","guid":{"rendered":"https:\/\/ami.mr\/fr\/?p=271544"},"modified":"2025-05-21T19:41:58","modified_gmt":"2025-05-21T19:41:58","slug":"cadres-du-tagant-le-programme-de-developpement-de-la-wilaya-est-un-pas-important-vers-lamelioration-de-lacces-des-citoyens-aux-services-de-base","status":"publish","type":"post","link":"https:\/\/ami.mr\/fr\/archives\/271544","title":{"rendered":"Cadres du Tagant : Le programme de d\u00e9veloppement de la wilaya est un pas important vers l&#8217;am\u00e9lioration de l&#8217;acc\u00e8s des citoyens aux services de base"},"content":{"rendered":"<div class=\"cell auto-size\">\n<div class=\"set-border bd-gray padding10 margin10 no-margin-right no-margin-left \" dir=\"ltr\">\n<p>Dans le cadre de la mise en \u0153uvre du programme d&#8217;urgence, la wilaya du Tagant a b\u00e9n\u00e9fici\u00e9 de 20 milliards d&#8217;ouguiyas anciennes pour la r\u00e9alisation d&#8217;un ensemble de services de base dans les diff\u00e9rentes communes.<\/p>\n<p>Ces interventions comprendront la r\u00e9alisation de projets de d\u00e9veloppement qui touchent la vie des citoyens et favorisent le d\u00e9veloppement local, conform\u00e9ment aux suggestions des participants \u00e0 la r\u00e9union consultative qui a identifi\u00e9 les priorit\u00e9s de d\u00e9veloppement dans toutes les moughataas de la wilaya.<\/p>\n<p>Dans le cadre de ce programme, 24 zones de la wilaya seront d\u00e9senclav\u00e9es par l&#8217;ouverture de cols de montagne, la construction de routes de sable, la construction de deux barrages, la r\u00e9paration de barri\u00e8res de sable, la distribution de 40 km de cl\u00f4tures et la pr\u00e9paration de quatre zones de cultures mara\u00eech\u00e8res.<\/p>\n<p>Dans le cadre de la mise en \u0153uvre de ce programme, il a \u00e9t\u00e9 d\u00e9cid\u00e9 de construire 451 classes et d&#8217;en r\u00e9nover 79 autres, r\u00e9parties entre les diff\u00e9rentes municipalit\u00e9s de la wilaya. Au niveau de la sant\u00e9, il est pr\u00e9vu de construire un centre de sant\u00e9 et 4 points de sant\u00e9, de transformer un autre point de sant\u00e9 en centre, de r\u00e9nover 3 centres et 3 points de sant\u00e9, d&#8217;acheter 9 ambulances et du mat\u00e9riel m\u00e9dical, et de soutenir le personnel m\u00e9dical.<\/p>\n<p>Les projets de d\u00e9veloppement programm\u00e9s au Tagant comprennent le forage de 94 puits art\u00e9siens, l&#8217;extension et la r\u00e9novation de 11 r\u00e9seaux d&#8217;eau potable, le forage de 6 puits pastoraux avec r\u00e9seau d&#8217;eau, la r\u00e9novation de la station de dessalement et des r\u00e9seaux d&#8217;eau urbains, l&#8217;augmentation de la production d&#8217;eau potable, l&#8217;acquisition de 2 groupes \u00e9lectrog\u00e8nes, l&#8217;extension de 4 r\u00e9seaux d&#8217;\u00e9lectricit\u00e9 et l&#8217;\u00e9lectrification de 15 villages ruraux.<\/p>\n<p>La mise en \u0153uvre du Programme de D\u00e9veloppement du Tagant permettra le financement de 250 activit\u00e9s g\u00e9n\u00e9ratrices de revenus, la mobilisation de 50 jeunes pour le volontariat, l&#8217;appui \u00e0 la p\u00e9rennisation des emplois de 60 b\u00e9n\u00e9ficiaires, la r\u00e9novation de la Maison des Jeunes de Tidjikja, et la construction de deux terrains de sport.<\/p>\n<p>Lors de leurs entretiens avec l&#8217;Agence Mauritanienne d&#8217;Information, les \u00e9lus et cadres de la wilaya ont estim\u00e9 que ce programme de d\u00e9veloppement donnera une forte impulsion au d\u00e9veloppement<\/p>\n<p><img decoding=\"async\" class=\"wp-image-271546 alignleft\" src=\"https:\/\/ami.mr\/fr\/wp-content\/uploads\/2025\/05\/\u0631\u0626\u064a\u0633-\u062c\u0647\u0629-\u062a\u0643\u0627\u0646\u062a1-300x169.jpg\" alt=\"\" width=\"96\" height=\"54\" srcset=\"https:\/\/ami.mr\/fr\/wp-content\/uploads\/2025\/05\/\u0631\u0626\u064a\u0633-\u062c\u0647\u0629-\u062a\u0643\u0627\u0646\u062a1-300x169.jpg 300w, https:\/\/ami.mr\/fr\/wp-content\/uploads\/2025\/05\/\u0631\u0626\u064a\u0633-\u062c\u0647\u0629-\u062a\u0643\u0627\u0646\u062a1-1024x576.jpg 1024w, https:\/\/ami.mr\/fr\/wp-content\/uploads\/2025\/05\/\u0631\u0626\u064a\u0633-\u062c\u0647\u0629-\u062a\u0643\u0627\u0646\u062a1-768x432.jpg 768w, https:\/\/ami.mr\/fr\/wp-content\/uploads\/2025\/05\/\u0631\u0626\u064a\u0633-\u062c\u0647\u0629-\u062a\u0643\u0627\u0646\u062a1-1536x864.jpg 1536w, https:\/\/ami.mr\/fr\/wp-content\/uploads\/2025\/05\/\u0631\u0626\u064a\u0633-\u062c\u0647\u0629-\u062a\u0643\u0627\u0646\u062a1-750x430.jpg 750w, https:\/\/ami.mr\/fr\/wp-content\/uploads\/2025\/05\/\u0631\u0626\u064a\u0633-\u062c\u0647\u0629-\u062a\u0643\u0627\u0646\u062a1.jpg 1600w\" sizes=\"(max-width: 96px) 100vw, 96px\" \/>local et contribuera de mani\u00e8re significative \u00e0 la fourniture des services de base aux citoyens.<\/p>\n<p>Le pr\u00e9sident de la r\u00e9gion de Tagant, M. Mohamed Ould Biha, a salu\u00e9 le programme, la m\u00e9thodologie suivie pour la d\u00e9finition de ses zones d&#8217;intervention et pour sa mise en \u0153uvre et l&#8217;attention particuli\u00e8re accord\u00e9e \u00e0 la r\u00e9gion du plateau de Tagant, caract\u00e9ris\u00e9e par la pr\u00e9carit\u00e9 et les routes difficiles.<\/p>\n<p><img decoding=\"async\" class=\"wp-image-271547 alignleft\" src=\"https:\/\/ami.mr\/fr\/wp-content\/uploads\/2025\/05\/0000-261x300.jpg\" alt=\"\" width=\"61\" height=\"71\" srcset=\"https:\/\/ami.mr\/fr\/wp-content\/uploads\/2025\/05\/0000-261x300.jpg 261w, https:\/\/ami.mr\/fr\/wp-content\/uploads\/2025\/05\/0000.jpg 717w\" sizes=\"(max-width: 61px) 100vw, 61px\" \/>La d\u00e9put\u00e9e de la moughataa de Tidjikja, Agleyouh Mint Lahdhana, a \u00e9voqu\u00e9 le programme de d\u00e9veloppement de la wilaya, qu&#8217;elle a d\u00e9crit comme un programme ambitieux qui r\u00e9pond aux pr\u00e9occupations et aux aspirations de la population en investissant dans des projets d&#8217;infrastructures de services tels que l&#8217;\u00e9ducation, la sant\u00e9, l&#8217;eau et l&#8217;\u00e9lectricit\u00e9.<\/p>\n<p>Le maire de Lekhcheb, Mohamed Mokhtar Isselmou, a d\u00e9clar\u00e9 que le programme de d\u00e9veloppement de la wilaya r\u00e9pondra \u00e0 une grande partie des demandes de la population en g\u00e9n\u00e9ral. Il a soulign\u00e9 l&#8217;importance d&#8217;accorder une attention particuli\u00e8re \u00e0 la moughataa de Tichit, qui souffre d&#8217;un d\u00e9senclavement hypoth\u00e9quant son d\u00e9veloppement et qui fait d&#8217;elle le seul d\u00e9partement du pays \u00e0 ne pas avoir encore de route goudronn\u00e9e le reliant \u00e0 la capitale de la wilaya.<\/p>\n<p><img decoding=\"async\" class=\"wp-image-271548 alignleft\" src=\"https:\/\/ami.mr\/fr\/wp-content\/uploads\/2025\/05\/\u0639\u0645\u062f\u0629-\u0644\u062e\u0634\u0628.jpg\" alt=\"\" width=\"59\" height=\"64\" \/>Il a insist\u00e9 sur la n\u00e9cessit\u00e9 d&#8217;\u0153uvrer pour mettre fin \u00e0 l&#8217;enclavement de cette moughataa en tant que besoin urgent et priorit\u00e9 pour tous ses habitants.<\/p>\n<p>Le maire de Modj\u00e9ria, Kalidou Yahiya, a appr\u00e9ci\u00e9 les projets de d\u00e9veloppement inclus dans le programme, qui touchent des zones vitales et prioritaires pour les citoyens, notant que la m\u00e9thodologie de conception, d&#8217;adoption et de mise en \u0153uvre de ce programme refl\u00e8te la volont\u00e9 des plus hautes autorit\u00e9s du pays d&#8217;impliquer les parties prenantes en g\u00e9n\u00e9ral et les \u00e9lus locaux en particulier dans l&#8217;\u00e9laboration des politiques de d\u00e9veloppement.<\/p>\n<p><img decoding=\"async\" class=\"wp-image-271549 alignleft\" src=\"https:\/\/ami.mr\/fr\/wp-content\/uploads\/2025\/05\/3-2-187x300.jpg\" alt=\"\" width=\"45\" height=\"72\" srcset=\"https:\/\/ami.mr\/fr\/wp-content\/uploads\/2025\/05\/3-2-187x300.jpg 187w, https:\/\/ami.mr\/fr\/wp-content\/uploads\/2025\/05\/3-2.jpg 498w\" sizes=\"(max-width: 45px) 100vw, 45px\" \/>Il a remerci\u00e9 le gouvernement pour ce programme, dans lequel une grande partie des propositions faites par la municipalit\u00e9 ont \u00e9t\u00e9 adopt\u00e9es, notant que la commune esp\u00e8re r\u00e9aliser le reste de ses aspirations \u00e0 travers la mise en \u0153uvre des diff\u00e9rents projets de d\u00e9veloppement inclus dans le programme \u00e9lectoral de Son Excellence le Pr\u00e9sident de la R\u00e9publique, Mohamed Ould Cheikh El-Ghazouani, \u00ab Mon Ambition pour la Patrie \u00bb.<\/p>\n<p><img decoding=\"async\" class=\"wp-image-271550 alignleft\" src=\"https:\/\/ami.mr\/fr\/wp-content\/uploads\/2025\/05\/\u0631\u0626\u064a\u0633-\u0645\u0646\u062a\u062f\u0649-\u0627\u0644\u0645\u062c\u062a\u0645\u0639-\u0627\u0644\u0645\u062f\u0646\u064a-300x221.jpg\" alt=\"\" width=\"65\" height=\"48\" srcset=\"https:\/\/ami.mr\/fr\/wp-content\/uploads\/2025\/05\/\u0631\u0626\u064a\u0633-\u0645\u0646\u062a\u062f\u0649-\u0627\u0644\u0645\u062c\u062a\u0645\u0639-\u0627\u0644\u0645\u062f\u0646\u064a-300x221.jpg 300w, https:\/\/ami.mr\/fr\/wp-content\/uploads\/2025\/05\/\u0631\u0626\u064a\u0633-\u0645\u0646\u062a\u062f\u0649-\u0627\u0644\u0645\u062c\u062a\u0645\u0639-\u0627\u0644\u0645\u062f\u0646\u064a-86x64.jpg 86w, https:\/\/ami.mr\/fr\/wp-content\/uploads\/2025\/05\/\u0631\u0626\u064a\u0633-\u0645\u0646\u062a\u062f\u0649-\u0627\u0644\u0645\u062c\u062a\u0645\u0639-\u0627\u0644\u0645\u062f\u0646\u064a.jpg 328w\" sizes=\"(max-width: 65px) 100vw, 65px\" \/>Pour sa part, le pr\u00e9sident du Forum r\u00e9gional des organisations de la soci\u00e9t\u00e9 civile, Sidi Mohamed Ould Mohamed Ould Mohamed El Hassen, a salu\u00e9 le contenu du programme de d\u00e9veloppement de la wilaya du Tagant, qui touche tous les aspects de la vie de d\u00e9veloppement de la population de la r\u00e9gion, conform\u00e9ment aux hautes instructions de Son Excellence le Pr\u00e9sident de la R\u00e9publique, Mohamed Ould Cheikh El Ghazouani, pour r\u00e9aliser un d\u00e9veloppement local qui renforce l&#8217;acc\u00e8s des citoyens aux diff\u00e9rents services de base.<\/p>\n<\/div>\n<\/div>\n","protected":false},"excerpt":{"rendered":"<p>Dans le cadre de la mise en \u0153uvre du programme d&#8217;urgence, la wilaya du Tagant a b\u00e9n\u00e9fici\u00e9 de 20 milliards d&#8217;ouguiyas anciennes pour la r\u00e9alisation d&#8217;un ensemble de services de base dans les diff\u00e9rentes communes. Ces interventions comprendront la r\u00e9alisation de projets de d\u00e9veloppement qui touchent la vie des citoyens et favorisent le d\u00e9veloppement local, [&hellip;]<\/p>\n","protected":false},"author":17,"featured_media":271545,"comment_status":"open","ping_status":"open","sticky":false,"template":"","format":"standard","meta":{"footnotes":""},"categories":[63918,63957,8672],"tags":[],"class_list":["post-271544","post","type-post","status-publish","format-standard","has-post-thumbnail","hentry","category-autres","category-fil-dactualite","category-8672"],"_links":{"self":[{"href":"https:\/\/ami.mr\/fr\/wp-json\/wp\/v2\/posts\/271544","targetHints":{"allow":["GET"]}}],"collection":[{"href":"https:\/\/ami.mr\/fr\/wp-json\/wp\/v2\/posts"}],"about":[{"href":"https:\/\/ami.mr\/fr\/wp-json\/wp\/v2\/types\/post"}],"author":[{"embeddable":true,"href":"https:\/\/ami.mr\/fr\/wp-json\/wp\/v2\/users\/17"}],"replies":[{"embeddable":true,"href":"https:\/\/ami.mr\/fr\/wp-json\/wp\/v2\/comments?post=271544"}],"version-history":[{"count":1,"href":"https:\/\/ami.mr\/fr\/wp-json\/wp\/v2\/posts\/271544\/revisions"}],"predecessor-version":[{"id":271551,"href":"https:\/\/ami.mr\/fr\/wp-json\/wp\/v2\/posts\/271544\/revisions\/271551"}],"wp:featuredmedia":[{"embeddable":true,"href":"https:\/\/ami.mr\/fr\/wp-json\/wp\/v2\/media\/271545"}],"wp:attachment":[{"href":"https:\/\/ami.mr\/fr\/wp-json\/wp\/v2\/media?parent=271544"}],"wp:term":[{"taxonomy":"category","embeddable":true,"href":"https:\/\/ami.mr\/fr\/wp-json\/wp\/v2\/categories?post=271544"},{"taxonomy":"post_tag","embeddable":true,"href":"https:\/\/ami.mr\/fr\/wp-json\/wp\/v2\/tags?post=271544"}],"curies":[{"name":"wp","href":"https:\/\/api.w.org\/{rel}","templated":true}]}}