{"id":271188,"date":"2025-05-17T19:08:05","date_gmt":"2025-05-17T19:08:05","guid":{"rendered":"https:\/\/ami.mr\/fr\/?p=271188"},"modified":"2025-05-17T22:10:04","modified_gmt":"2025-05-17T22:10:04","slug":"au-sommet-arabe-a-sur-le-developpement-le-ministre-des-affaires-etrangeres-presente-une-initiative-visant-a-developper-leconomie-bleue","status":"publish","type":"post","link":"https:\/\/ami.mr\/fr\/archives\/271188","title":{"rendered":"Au Sommet arabe \u00e0 sur le d\u00e9veloppement, le ministre des Affaires \u00e9trang\u00e8res pr\u00e9sente une initiative visant \u00e0 d\u00e9velopper l\u2019\u00e9conomie bleue"},"content":{"rendered":"<div class=\"row\"><\/div>\n<div class=\"row\">\n<div class=\"cell auto-size\">\n<div class=\"set-border bd-gray padding10 margin10 no-margin-right no-margin-left \" dir=\"ltr\">\n<p>Le ministre des Affaires \u00e9trang\u00e8res, de la Coop\u00e9ration africaine et des Mauritaniens de l\u2019ext\u00e9rieur, M. Mohamed Salem Ould Merzoug, a soulign\u00e9 que les relations \u00e9conomiques et la coop\u00e9ration au d\u00e9veloppement en g\u00e9n\u00e9ral contribuent fortement au renforcement de l\u2019interd\u00e9pendance et l\u2019unification des pays, notamment \u00e0 la lumi\u00e8re des conditions actuelles de l\u2019\u00e9conomie internationale.<\/p>\n<p>Lors d\u2019une allocution prononc\u00e9e au nom de Son Excellence le Pr\u00e9sident de la R\u00e9publique, M. Mohamed Ould Cheikh El-Ghazouani, lors de la cinqui\u00e8me session du Sommet sur le d\u00e9veloppement \u00e9conomique et social, organis\u00e9e samedi dans le cadre des activit\u00e9s du Sommet arabe de Bagdad, il a indiqu\u00e9 que la R\u00e9publique islamique de Mauritanie est int\u00e9ress\u00e9e \u00e0 renforcer l\u2019action arabe conjointe et la coop\u00e9ration inter \u00e9conomique, en exploitant les opportunit\u00e9s d\u2019investissement dans nos pays arabes, pr\u00e9sentant dans ce contexte une initiative li\u00e9e au d\u00e9veloppement de l\u2019\u00e9conomie bleue, pour optimiser et exploiter \u00e9cologiquement durable les ressources marines dont nos pays regorgent, en raison de son impact. Positif pour la s\u00e9curit\u00e9 alimentaire, et les \u00e9quilibres environnementaux en g\u00e9n\u00e9ral.<\/p>\n<p>Il a indiqu\u00e9 qu\u2019il comptait sur l\u2019organisation d\u2019un groupe consultatif pour mobiliser les fonds n\u00e9cessaires \u00e0 ce programme d\u2019investissement pour les cinq prochaines ann\u00e9es, soulignant que les rencontres permettront de pr\u00e9senter les opportunit\u00e9s d\u2019investissement en Mauritanie dans les secteurs public et priv\u00e9, en esp\u00e9rant une forte participation de nos fr\u00e8res arabes.<\/p>\n<p>La d\u00e9l\u00e9gation mauritanienne participant au sommet de Bagdad comprenait, outre le ministre des Affaires \u00e9trang\u00e8res, notreambassadeur l\u2019ambassadeur de notre pays \u00e0 Bagdad, S.E.M. El Hacen Aleyatt, l\u2019Ambassadeur de Mauritanie en \u00c9gypte et Repr\u00e9sentant permanent de notre pays aupr\u00e8s de la Ligue des \u00c9tats arabes, M. El-Houceine Sidi Abdallah D\u00e8h, l\u2019ambassadeur Directeur de la Communication et de l\u2019Information au Minist\u00e8re des Affaires Etrang\u00e8res, M. Ahmed Mohamed Douwa, et la directeur adjoint du Protocole par int\u00e9rim M. Amadou Bayla Ba.<\/p>\n<\/div>\n<\/div>\n<\/div>\n","protected":false},"excerpt":{"rendered":"<p>Le ministre des Affaires \u00e9trang\u00e8res, de la Coop\u00e9ration africaine et des Mauritaniens de l\u2019ext\u00e9rieur, M. Mohamed Salem Ould Merzoug, a soulign\u00e9 que les relations \u00e9conomiques et la coop\u00e9ration au d\u00e9veloppement en g\u00e9n\u00e9ral contribuent fortement au renforcement de l\u2019interd\u00e9pendance et l\u2019unification des pays, notamment \u00e0 la lumi\u00e8re des conditions actuelles de l\u2019\u00e9conomie internationale. Lors d\u2019une allocution [&hellip;]<\/p>\n","protected":false},"author":8,"featured_media":271189,"comment_status":"open","ping_status":"open","sticky":false,"template":"","format":"standard","meta":{"footnotes":""},"categories":[63957,25,63921,63926],"tags":[],"class_list":["post-271188","post","type-post","status-publish","format-standard","has-post-thumbnail","hentry","category-fil-dactualite","category-25","category-slider-afficher","category-slider-general"],"_links":{"self":[{"href":"https:\/\/ami.mr\/fr\/wp-json\/wp\/v2\/posts\/271188","targetHints":{"allow":["GET"]}}],"collection":[{"href":"https:\/\/ami.mr\/fr\/wp-json\/wp\/v2\/posts"}],"about":[{"href":"https:\/\/ami.mr\/fr\/wp-json\/wp\/v2\/types\/post"}],"author":[{"embeddable":true,"href":"https:\/\/ami.mr\/fr\/wp-json\/wp\/v2\/users\/8"}],"replies":[{"embeddable":true,"href":"https:\/\/ami.mr\/fr\/wp-json\/wp\/v2\/comments?post=271188"}],"version-history":[{"count":1,"href":"https:\/\/ami.mr\/fr\/wp-json\/wp\/v2\/posts\/271188\/revisions"}],"predecessor-version":[{"id":271190,"href":"https:\/\/ami.mr\/fr\/wp-json\/wp\/v2\/posts\/271188\/revisions\/271190"}],"wp:featuredmedia":[{"embeddable":true,"href":"https:\/\/ami.mr\/fr\/wp-json\/wp\/v2\/media\/271189"}],"wp:attachment":[{"href":"https:\/\/ami.mr\/fr\/wp-json\/wp\/v2\/media?parent=271188"}],"wp:term":[{"taxonomy":"category","embeddable":true,"href":"https:\/\/ami.mr\/fr\/wp-json\/wp\/v2\/categories?post=271188"},{"taxonomy":"post_tag","embeddable":true,"href":"https:\/\/ami.mr\/fr\/wp-json\/wp\/v2\/tags?post=271188"}],"curies":[{"name":"wp","href":"https:\/\/api.w.org\/{rel}","templated":true}]}}