{"id":271094,"date":"2025-05-15T22:57:04","date_gmt":"2025-05-15T22:57:04","guid":{"rendered":"https:\/\/ami.mr\/fr\/?p=271094"},"modified":"2025-05-15T22:57:04","modified_gmt":"2025-05-15T22:57:04","slug":"le-president-de-la-republique-lance-la-premiere-phase-du-projet-nouakchott-mobilite-2026-et-inaugure-le-nouveau-siege-de-la-societe-de-transport-public","status":"publish","type":"post","link":"https:\/\/ami.mr\/fr\/archives\/271094","title":{"rendered":"Le Pr\u00e9sident de la R\u00e9publique lance la premi\u00e8re phase du projet Nouakchott Mobilit\u00e9 2026 et inaugure le nouveau si\u00e8ge de la soci\u00e9t\u00e9 de transport public"},"content":{"rendered":"<div class=\"cell auto-size\">\n<div class=\"set-border bd-gray padding10 margin10 no-margin-right no-margin-left \" dir=\"ltr\">\n<p><img decoding=\"async\" class=\"wp-image-271096 alignleft\" src=\"https:\/\/ami.mr\/fr\/wp-content\/uploads\/2025\/05\/\u0627\u0644\u0631\u0626\u064a\u0633-\u064a\u0633\u062a\u0645\u0639-\u0644\u0634\u0631\u0648\u062d-300x195.jpg\" alt=\"\" width=\"272\" height=\"177\" srcset=\"https:\/\/ami.mr\/fr\/wp-content\/uploads\/2025\/05\/\u0627\u0644\u0631\u0626\u064a\u0633-\u064a\u0633\u062a\u0645\u0639-\u0644\u0634\u0631\u0648\u062d-300x195.jpg 300w, https:\/\/ami.mr\/fr\/wp-content\/uploads\/2025\/05\/\u0627\u0644\u0631\u0626\u064a\u0633-\u064a\u0633\u062a\u0645\u0639-\u0644\u0634\u0631\u0648\u062d-1024x666.jpg 1024w, https:\/\/ami.mr\/fr\/wp-content\/uploads\/2025\/05\/\u0627\u0644\u0631\u0626\u064a\u0633-\u064a\u0633\u062a\u0645\u0639-\u0644\u0634\u0631\u0648\u062d-768x500.jpg 768w, https:\/\/ami.mr\/fr\/wp-content\/uploads\/2025\/05\/\u0627\u0644\u0631\u0626\u064a\u0633-\u064a\u0633\u062a\u0645\u0639-\u0644\u0634\u0631\u0648\u062d-1536x1000.jpg 1536w, https:\/\/ami.mr\/fr\/wp-content\/uploads\/2025\/05\/\u0627\u0644\u0631\u0626\u064a\u0633-\u064a\u0633\u062a\u0645\u0639-\u0644\u0634\u0631\u0648\u062d-2048x1333.jpg 2048w, https:\/\/ami.mr\/fr\/wp-content\/uploads\/2025\/05\/\u0627\u0644\u0631\u0626\u064a\u0633-\u064a\u0633\u062a\u0645\u0639-\u0644\u0634\u0631\u0648\u062d-210x136.jpg 210w\" sizes=\"(max-width: 272px) 100vw, 272px\" \/>S.E. le Pr\u00e9sident de la R\u00e9publique, M. Mohamed Ould Cheikh El-Ghazouani, a pr\u00e9sid\u00e9, jeudi soir, le lancement de la premi\u00e8re phase du projet \u00ab Nouakchott Mobilit\u00e9 2026 \u00bb et proc\u00e9d\u00e9 \u00e0 l&#8217;inauguration du nouveau si\u00e8ge de la soci\u00e9t\u00e9 de transport public et de ses annexes.<\/p>\n<p>Le Pr\u00e9sident de la R\u00e9publique a \u00e9cout\u00e9 des explications d\u00e9taill\u00e9es sur le Projet &#8220;Nouakchott Mobilit\u00e9 2026&#8221; qui contribuera \u00e0 r\u00e9soudre la question de la mobilit\u00e9 urbaine, \u00e0 favoriser le passage de l&#8217;utilisation de la voiture personnelle au transport de masse par des bus rapides et de qualit\u00e9, tout en am\u00e9liorant l&#8217;aspect urbain de la capitale.<\/p>\n<p>Le projet \u00ab Nouakchott Mobilit\u00e9 2026 \u00bb est l&#8217;une des plus importantes r\u00e9alisations qualitatives mises en \u0153uvre dans le cadre des engagements du Pr\u00e9sident de la R\u00e9publique, et refl\u00e8te une vision int\u00e9gr\u00e9e pour le d\u00e9veloppement du transport urbain dans la capitale.<\/p>\n<p>Le projet comporte deux volets : L&#8217;infrastructure et le service de bus BHNS.<\/p>\n<p>L&#8217;infrastructure se compose de trois voies :<\/p>\n<p>&#8211; La premi\u00e8re voie est longue de 11 kilom\u00e8tres, avec 13 stations, et s&#8217;\u00e9tend du Pont \u00ab Taazour \u00bb au Pont de \u00ab l&#8217;Amiti\u00e9 \u00bb,<\/p>\n<p>&#8211; La deuxi\u00e8me voie relie Toujounine \u00e0 la Polyclinique via le Pont de l&#8217;Amiti\u00e9, qui est long de 9 kilom\u00e8tres et compte 12 stations.<\/p>\n<p>&#8211; La troisi\u00e8me voie, longue de 15 km et comportant 17 stations, s&#8217;\u00e9tend du Pont de l&#8217;Amiti\u00e9 au campus universitaire, en passant par le Centre National de Cardiologie, Cheikh Zayed, Jamal Abdel Nasser, l&#8217;intersection Sabah et l&#8217;intersection BMD.<\/p>\n<p>La deuxi\u00e8me composante de ce projet comprend l&#8217;acquisition de 112 bus par la soci\u00e9t\u00e9 de transport public, dont 62 bus de haute qualit\u00e9, d&#8217;une capacit\u00e9 de 150 passagers, \u00e9quip\u00e9s d&#8217;un syst\u00e8me de surveillance et d&#8217;\u00e9crans d&#8217;information num\u00e9riques, et 50 bus de taille moyenne, d&#8217;une capacit\u00e9 de 100 passagers.<\/p>\n<p>Dans le cadre de ce projet, des triples feux de circulation intelligents ont \u00e9t\u00e9 install\u00e9s aux principales intersections, ce qui r\u00e9duira le temps de trajet des bus, am\u00e9liorera la fluidit\u00e9 du trafic et augmentera la vitesse commerciale des bus \u00e0 haut niveau de service (BHNS).<\/p>\n<p>Cette gestion intelligente du trafic permettra de donner la priorit\u00e9 aux bus aux intersections gr\u00e2ce \u00e0 des capteurs install\u00e9s sur les bus et les feux de circulation, et identifiera les bus approchant de l&#8217;intersection et enverra l&#8217;information \u00e0 l&#8217;unit\u00e9 de contr\u00f4le des feux de circulation, ce qui permettra de donner la priorit\u00e9 aux bus.<\/p>\n<p>Le Pr\u00e9sident de la R\u00e9publique a \u00e9galement visit\u00e9 le nouveau si\u00e8ge de la soci\u00e9t\u00e9 de transport public et a re\u00e7u des explications d\u00e9taill\u00e9es de la part de la directrice g\u00e9n\u00e9rale de la soci\u00e9t\u00e9 de transport public.<\/p>\n<p>Le nouveau si\u00e8ge se compose de deux \u00e9tages avec plusieurs salles, dont une salle d&#8217;op\u00e9rations pour l&#8217;organisation des r\u00e9seaux, une salle de formation de 40 places et une agence commerciale.<\/p>\n<p>Le si\u00e8ge comprend \u00e9galement un centre de bus d&#8217;une capacit\u00e9 de 40 bus articul\u00e9s dans la zone de l&#8217;ancien a\u00e9roport, qui comprend la r\u00e9habilitation et l&#8217;adaptation de l&#8217;ancien b\u00e2timent de l&#8217;a\u00e9roport en un garage de maintenance des bus, un centre de lavage des bus de 306 m\u00e8tres carr\u00e9s, des espaces de stationnement pour les bus munis d&#8217;\u00e9clairages.<\/p>\n<p>\u00c0 la fin de la visite, S.E. le Pr\u00e9sident de la R\u00e9publique a inspect\u00e9 les bus express, est mont\u00e9 \u00e0 bord de l&#8217;un d&#8217;entre eux et a visit\u00e9 les lignes d\u00e9di\u00e9es entre le Pont de l&#8217;Amiti\u00e9 et le Carrefour Lekbeid.<\/p>\n<\/div>\n<\/div>\n","protected":false},"excerpt":{"rendered":"<p>S.E. le Pr\u00e9sident de la R\u00e9publique, M. Mohamed Ould Cheikh El-Ghazouani, a pr\u00e9sid\u00e9, jeudi soir, le lancement de la premi\u00e8re phase du projet \u00ab Nouakchott Mobilit\u00e9 2026 \u00bb et proc\u00e9d\u00e9 \u00e0 l&#8217;inauguration du nouveau si\u00e8ge de la soci\u00e9t\u00e9 de transport public et de ses annexes. Le Pr\u00e9sident de la R\u00e9publique a \u00e9cout\u00e9 des explications d\u00e9taill\u00e9es [&hellip;]<\/p>\n","protected":false},"author":17,"featured_media":271095,"comment_status":"open","ping_status":"open","sticky":false,"template":"","format":"standard","meta":{"footnotes":""},"categories":[63957,63959,63921],"tags":[],"class_list":["post-271094","post","type-post","status-publish","format-standard","has-post-thumbnail","hentry","category-fil-dactualite","category-mauritanie","category-slider-afficher"],"_links":{"self":[{"href":"https:\/\/ami.mr\/fr\/wp-json\/wp\/v2\/posts\/271094","targetHints":{"allow":["GET"]}}],"collection":[{"href":"https:\/\/ami.mr\/fr\/wp-json\/wp\/v2\/posts"}],"about":[{"href":"https:\/\/ami.mr\/fr\/wp-json\/wp\/v2\/types\/post"}],"author":[{"embeddable":true,"href":"https:\/\/ami.mr\/fr\/wp-json\/wp\/v2\/users\/17"}],"replies":[{"embeddable":true,"href":"https:\/\/ami.mr\/fr\/wp-json\/wp\/v2\/comments?post=271094"}],"version-history":[{"count":1,"href":"https:\/\/ami.mr\/fr\/wp-json\/wp\/v2\/posts\/271094\/revisions"}],"predecessor-version":[{"id":271097,"href":"https:\/\/ami.mr\/fr\/wp-json\/wp\/v2\/posts\/271094\/revisions\/271097"}],"wp:featuredmedia":[{"embeddable":true,"href":"https:\/\/ami.mr\/fr\/wp-json\/wp\/v2\/media\/271095"}],"wp:attachment":[{"href":"https:\/\/ami.mr\/fr\/wp-json\/wp\/v2\/media?parent=271094"}],"wp:term":[{"taxonomy":"category","embeddable":true,"href":"https:\/\/ami.mr\/fr\/wp-json\/wp\/v2\/categories?post=271094"},{"taxonomy":"post_tag","embeddable":true,"href":"https:\/\/ami.mr\/fr\/wp-json\/wp\/v2\/tags?post=271094"}],"curies":[{"name":"wp","href":"https:\/\/api.w.org\/{rel}","templated":true}]}}