{"id":271085,"date":"2025-05-15T22:05:54","date_gmt":"2025-05-15T22:05:54","guid":{"rendered":"https:\/\/ami.mr\/fr\/?p=271085"},"modified":"2025-05-15T22:05:54","modified_gmt":"2025-05-15T22:05:54","slug":"le-wali-du-brakna-appelle-a-lacceleration-des-travaux-du-projet-de-transformation-agricole-a-regba","status":"publish","type":"post","link":"https:\/\/ami.mr\/fr\/archives\/271085","title":{"rendered":"Le wali du Brakna appelle \u00e0 l&#8217;acc\u00e9l\u00e9ration des travaux du projet de transformation agricole \u00e0 Regba"},"content":{"rendered":"<div class=\"cell auto-size\">\n<div class=\"set-border bd-gray padding10 margin10 no-margin-right no-margin-left \" dir=\"ltr\">\n<p>Le wali du Brakna, M. Mohamed Ould Saleck, a effectu\u00e9 jeudi une visite d&#8217;inspection au Projet d&#8217;Appui \u00e0 la Transformation Agricole dans la zone de Regba, relevant de l\u2019arrondissement administratif de Dar El Barka, dans la moughataa de Bogh\u00e9.<\/p>\n<p>Cette visite vise \u00e0 s&#8217;enqu\u00e9rir de l&#8217;\u00e9tat d&#8217;avancement des travaux de cet important projet de d\u00e9veloppement dont la premi\u00e8re pierre a \u00e9t\u00e9 pos\u00e9e par S.E. le Pr\u00e9sident de la R\u00e9publique, Mohamed Ould Cheikh El Ghazouani, \u00e0 l&#8217;occasion du 64\u00e8me anniversaire de la f\u00eate de l&#8217;Ind\u00e9pendance nationale.<\/p>\n<p>Le projet, financ\u00e9 par la Banque islamique de d\u00e9veloppement (BID), vise \u00e0 r\u00e9cup\u00e9rer et \u00e0 d\u00e9velopper 1 575 hectares, ainsi qu&#8217;\u00e0 curer et \u00e0 \u00e9tendre 25 kilom\u00e8tres de canaux d&#8217;eau le long du fleuve, ce qui contribuera \u00e0 am\u00e9liorer la production agricole et \u00e0 renforcer la s\u00e9curit\u00e9 alimentaire dans la wilaya.<\/p>\n<p>Dans une d\u00e9claration faite \u00e0 cette occasion, le wali a soulign\u00e9 que le projet repr\u00e9sente un levier de d\u00e9veloppement qui aura un impact positif sur la vie de la population locale, tout en insistant sur la n\u00e9cessit\u00e9 d&#8217;acc\u00e9l\u00e9rer le rythme des travaux et de respecter les d\u00e9lais fix\u00e9s pour l&#8217;ach\u00e8vement du projet.<\/p>\n<p>Pour sa part, le coordinateur du projet, M. Mohamed Ahmed Ould El Ghaouth a expliqu\u00e9 que les travaux avancent bien apr\u00e8s avoir surmont\u00e9 quelques obstacles initiaux, soulignant que le projet sera achev\u00e9 dans les d\u00e9lais impartis.<\/p>\n<p>Pour sa part, le maire de la commune de Dar El Barka a fait l&#8217;\u00e9loge du projet, exprimant son espoir qu&#8217;il contribuera \u00e0 am\u00e9liorer les conditions de vie de la population et \u00e0 soutenir l&#8217;\u00e9conomie locale.<\/p>\n<p>La visite s&#8217;est d\u00e9roul\u00e9e en pr\u00e9sence du hakemde la moughataa de Bogh\u00e9, du chef de l\u2019arrondissement administratif de Dar El Barka, ainsi que de plusieurs chefs de services techniques r\u00e9gionaux et des autorit\u00e9s s\u00e9curitaires et militaires de la wilaya.<\/p>\n<\/div>\n<\/div>\n","protected":false},"excerpt":{"rendered":"<p>Le wali du Brakna, M. Mohamed Ould Saleck, a effectu\u00e9 jeudi une visite d&#8217;inspection au Projet d&#8217;Appui \u00e0 la Transformation Agricole dans la zone de Regba, relevant de l\u2019arrondissement administratif de Dar El Barka, dans la moughataa de Bogh\u00e9. Cette visite vise \u00e0 s&#8217;enqu\u00e9rir de l&#8217;\u00e9tat d&#8217;avancement des travaux de cet important projet de d\u00e9veloppement [&hellip;]<\/p>\n","protected":false},"author":17,"featured_media":271086,"comment_status":"open","ping_status":"open","sticky":false,"template":"","format":"standard","meta":{"footnotes":""},"categories":[63918,63957,8672],"tags":[],"class_list":["post-271085","post","type-post","status-publish","format-standard","has-post-thumbnail","hentry","category-autres","category-fil-dactualite","category-8672"],"_links":{"self":[{"href":"https:\/\/ami.mr\/fr\/wp-json\/wp\/v2\/posts\/271085","targetHints":{"allow":["GET"]}}],"collection":[{"href":"https:\/\/ami.mr\/fr\/wp-json\/wp\/v2\/posts"}],"about":[{"href":"https:\/\/ami.mr\/fr\/wp-json\/wp\/v2\/types\/post"}],"author":[{"embeddable":true,"href":"https:\/\/ami.mr\/fr\/wp-json\/wp\/v2\/users\/17"}],"replies":[{"embeddable":true,"href":"https:\/\/ami.mr\/fr\/wp-json\/wp\/v2\/comments?post=271085"}],"version-history":[{"count":1,"href":"https:\/\/ami.mr\/fr\/wp-json\/wp\/v2\/posts\/271085\/revisions"}],"predecessor-version":[{"id":271087,"href":"https:\/\/ami.mr\/fr\/wp-json\/wp\/v2\/posts\/271085\/revisions\/271087"}],"wp:featuredmedia":[{"embeddable":true,"href":"https:\/\/ami.mr\/fr\/wp-json\/wp\/v2\/media\/271086"}],"wp:attachment":[{"href":"https:\/\/ami.mr\/fr\/wp-json\/wp\/v2\/media?parent=271085"}],"wp:term":[{"taxonomy":"category","embeddable":true,"href":"https:\/\/ami.mr\/fr\/wp-json\/wp\/v2\/categories?post=271085"},{"taxonomy":"post_tag","embeddable":true,"href":"https:\/\/ami.mr\/fr\/wp-json\/wp\/v2\/tags?post=271085"}],"curies":[{"name":"wp","href":"https:\/\/api.w.org\/{rel}","templated":true}]}}