{"id":270952,"date":"2025-05-14T16:20:57","date_gmt":"2025-05-14T16:20:57","guid":{"rendered":"https:\/\/ami.mr\/fr\/?p=270952"},"modified":"2025-05-14T16:20:57","modified_gmt":"2025-05-14T16:20:57","slug":"le-president-de-la-cndh-prete-serment","status":"publish","type":"post","link":"https:\/\/ami.mr\/fr\/archives\/270952","title":{"rendered":"Le Pr\u00e9sident de la CNDH pr\u00eate serment"},"content":{"rendered":"<p>Le pr\u00e9sident de la Commission nationale des Droits de l&#8217;Homme (CNDH), M. El Bekaye Ould Abdelmalick, a pr\u00eat\u00e9 serment, mercredi \u00e0 Nouakchott, devant le pr\u00e9sident de la Cour supr\u00eame, M. Cheikh Ahmed Ould Sid\u2019Ahmed, en sa qualit\u00e9 de pr\u00e9sident de la Commission nationale des Droits de l&#8217;Homme.<\/p>\n<p>Le Pr\u00e9sident de la Cour supr\u00eame a demand\u00e9 au Pr\u00e9sident de la CNCH de lever la main droite et de lire le serment suivant :<\/p>\n<p>\u00ab Je jure par ALLAH, Seul et Unique, de remplir fid\u00e8lement mes fonctions, de les exercer avec neutralit\u00e9 et impartialit\u00e9 dans le respect des de la Constitution et des lois de la R\u00e9publique Islamique de Mauritanie, de garder le secret des d\u00e9lib\u00e9rations, m\u00eame apr\u00e8s la fin de mes fonctions.\u00bb<\/p>\n<p>Le minist\u00e8re public \u00e9tait repr\u00e9sent\u00e9 par le juge Mohamed Mahmoud Ould Isselmou Ould Talha, substitut du procureur g\u00e9n\u00e9ral pr\u00e8s la Cour supr\u00eame, tandis que le greffe de la Cour \u00e9tait assur\u00e9 par le premier greffier de la Cour, M. Mohamed Yeslem Ould Khaled.<\/p>\n<p>La c\u00e9r\u00e9monie de prestation de serment s\u2019est d\u00e9roul\u00e9e en pr\u00e9sence du secr\u00e9taire g\u00e9n\u00e9ral de la Cour Supr\u00eame, M. Amadou Youssef Diallo, et de Mohamed Ould Brahim, secr\u00e9taire g\u00e9n\u00e9ral de la Commission nationale des Droits de l&#8217;Homme, au c\u00f4t\u00e9 des membres de la Commission.<\/p>\n","protected":false},"excerpt":{"rendered":"<p>Le pr\u00e9sident de la Commission nationale des Droits de l&#8217;Homme (CNDH), M. El Bekaye Ould Abdelmalick, a pr\u00eat\u00e9 serment, mercredi \u00e0 Nouakchott, devant le pr\u00e9sident de la Cour supr\u00eame, M. Cheikh Ahmed Ould Sid\u2019Ahmed, en sa qualit\u00e9 de pr\u00e9sident de la Commission nationale des Droits de l&#8217;Homme. Le Pr\u00e9sident de la Cour supr\u00eame a demand\u00e9 [&hellip;]<\/p>\n","protected":false},"author":5,"featured_media":270953,"comment_status":"open","ping_status":"open","sticky":false,"template":"","format":"standard","meta":{"footnotes":""},"categories":[63918,63957,63959,63927],"tags":[],"class_list":["post-270952","post","type-post","status-publish","format-standard","has-post-thumbnail","hentry","category-autres","category-fil-dactualite","category-mauritanie","category-slider-mauritanie"],"_links":{"self":[{"href":"https:\/\/ami.mr\/fr\/wp-json\/wp\/v2\/posts\/270952","targetHints":{"allow":["GET"]}}],"collection":[{"href":"https:\/\/ami.mr\/fr\/wp-json\/wp\/v2\/posts"}],"about":[{"href":"https:\/\/ami.mr\/fr\/wp-json\/wp\/v2\/types\/post"}],"author":[{"embeddable":true,"href":"https:\/\/ami.mr\/fr\/wp-json\/wp\/v2\/users\/5"}],"replies":[{"embeddable":true,"href":"https:\/\/ami.mr\/fr\/wp-json\/wp\/v2\/comments?post=270952"}],"version-history":[{"count":1,"href":"https:\/\/ami.mr\/fr\/wp-json\/wp\/v2\/posts\/270952\/revisions"}],"predecessor-version":[{"id":270954,"href":"https:\/\/ami.mr\/fr\/wp-json\/wp\/v2\/posts\/270952\/revisions\/270954"}],"wp:featuredmedia":[{"embeddable":true,"href":"https:\/\/ami.mr\/fr\/wp-json\/wp\/v2\/media\/270953"}],"wp:attachment":[{"href":"https:\/\/ami.mr\/fr\/wp-json\/wp\/v2\/media?parent=270952"}],"wp:term":[{"taxonomy":"category","embeddable":true,"href":"https:\/\/ami.mr\/fr\/wp-json\/wp\/v2\/categories?post=270952"},{"taxonomy":"post_tag","embeddable":true,"href":"https:\/\/ami.mr\/fr\/wp-json\/wp\/v2\/tags?post=270952"}],"curies":[{"name":"wp","href":"https:\/\/api.w.org\/{rel}","templated":true}]}}