{"id":270926,"date":"2025-05-13T20:56:26","date_gmt":"2025-05-13T20:56:26","guid":{"rendered":"https:\/\/ami.mr\/fr\/?p=270926"},"modified":"2025-05-13T20:56:26","modified_gmt":"2025-05-13T20:56:26","slug":"le-commissaire-aux-droits-de-lhomme-supervise-le-lancement-dune-campagne-de-sensibilisation-contre-le-trafic-de-migrants","status":"publish","type":"post","link":"https:\/\/ami.mr\/fr\/archives\/270926","title":{"rendered":"Le Commissaire aux droits de l&#8217;homme supervise le lancement d&#8217;une campagne de sensibilisation contre le trafic de migrants"},"content":{"rendered":"<p>Le Commissaire aux droits de l&#8217;homme, \u00e0 l&#8217;action humanitaire et aux relations avec la soci\u00e9t\u00e9 civile, M. Sid&#8217;Ahmed Ould Bennane, a supervis\u00e9, mardi, au Centre international des conf\u00e9rences de Nouakchott, le lancement d&#8217;une campagne de sensibilisation contre le trafic de migrants dans les wilayas de Nouakchott.<\/p>\n<p>Cette campagne, organis\u00e9e par l&#8217;Instance Nationale de Lutte contre la Traite des Personnes et le Trafic de Migrants, s&#8217;inscrit dans le cadre des efforts entrepris par la Commission pour la promotion de la culture des droits de l&#8217;homme et la vulgarisation des lois relatives \u00e0 la protection des droits de l&#8217;homme en g\u00e9n\u00e9ral, et celles relatives \u00e0 la lutte contre la traite des personnes et le trafic de migrants en particulier.<\/p>\n<p>Lors du lancement de cette campagne, des pr\u00e9sentations et des conf\u00e9rences ont mis en lumi\u00e8re le contenu g\u00e9n\u00e9ral du cadre juridique de la lutte contre la traite des personnes, les objectifs et les domaines d&#8217;intervention du tribunal sp\u00e9cialis\u00e9 dans la lutte contre l&#8217;esclavage, la traite des personnes et le trafic de migrants, la r\u00e9alit\u00e9 de la migration irr\u00e9guli\u00e8re. En outre, une intervention sur les t\u00e2ches et les objectifs de l&#8217;Autorit\u00e9 nationale de lutte contre la traite des personnes et le trafic de migrants a \u00e9t\u00e9 pr\u00e9sent\u00e9e.<\/p>\n<p>Cette campagne de deux semaines vise \u00e0 sensibiliser et \u00e0 \u00e9duquer les citoyens sur les lois relatives \u00e0 la lutte contre la traite des personnes et le trafic de migrants, et sur le r\u00f4le que les citoyens peuvent jouer dans la lutte contre ce ph\u00e9nom\u00e8ne.<\/p>\n<p>Dans une allocution prononc\u00e9e \u00e0 cette occasion, le Commissaire aux droits de l&#8217;homme, \u00e0 l&#8217;action humanitaire et aux relations avec la soci\u00e9t\u00e9 civile a expliqu\u00e9 que cette campagne s&#8217;inscrit dans le cadre de la mise en \u0153uvre des hautes directives du Pr\u00e9sident de la R\u00e9publique, S.E. Mohamed Ould Cheikh El Ghazouani, que le gouvernement du Premier ministre, S.E. El Moctar Ould Djay, s&#8217;emploie \u00e0 mettre en \u0153uvre avec rigueur et d\u00e9termination en s&#8217;attaquant au ph\u00e9nom\u00e8ne du trafic illicite de migrants \u00e0 travers plusieurs axes.<\/p>\n<p>Il a ajout\u00e9 que ces axes comprennent l&#8217;application des lois criminalisant le trafic de migrants, le d\u00e9mant\u00e8lement des r\u00e9seaux criminels sp\u00e9cialis\u00e9s dans ce domaine par les diff\u00e9rents corps de s\u00e9curit\u00e9, l&#8217;activation du tribunal sp\u00e9cialis\u00e9 dans la lutte contre l&#8217;esclavage, la traite des personnes et le trafic de migrants, la r\u00e9gularisation des migrants r\u00e9sidant sur le territoire national et l&#8217;expulsion de ceux en situation irr\u00e9guli\u00e8re, tout en veillant au respect de leurs droits et de leur dignit\u00e9 humaine conform\u00e9ment \u00e0 notre arsenal juridique qui r\u00e9pond aux normes internationales adopt\u00e9es dans ce domaine, l&#8217;adoption et la mise en \u0153uvre de strat\u00e9gies efficaces de lutte contre ce ph\u00e9nom\u00e8ne \u00e0 travers une meilleure surveillance et un meilleur contr\u00f4le des fronti\u00e8res, ce qui a donn\u00e9 des r\u00e9sultats positifs en termes de nombre de migrants.<\/p>\n<p>Il a indiqu\u00e9 que le Commissariat des droits de l&#8217;homme, de l&#8217;action humanitaire et des relations avec la soci\u00e9t\u00e9 civile, par l&#8217;interm\u00e9diaire de l&#8217;Autorit\u00e9 nationale de lutte contre la traite des personnes et le trafic de migrants, d\u00e9ploie des efforts importants dans ce domaine en recevant des rapports relatifs au trafic de migrants par le biais du num\u00e9ro vert (1916), en les transmettant aux autorit\u00e9s s\u00e9curitaires et judiciaires comp\u00e9tentes, en organisant des activit\u00e9s de sensibilisation et des cours de formation sur le cadre juridique national et international de lutte contre ce crime \u00e0 l&#8217;intention des juges et des officiers de justice, en fournissant une assistance humanitaire, y compris de la nourriture et des fournitures de base, pour all\u00e9ger les souffrances des victimes et en jouant un r\u00f4le central dans la protection des victimes et le suivi de la mise en \u0153uvre de la loi.<\/p>\n<p>Le commissaire aux droits de l&#8217;homme, \u00e0 l&#8217;action humanitaire et aux relations avec la soci\u00e9t\u00e9 civile a salu\u00e9 le partenariat fructueux entre le Commissariat et les organes des Nations unies dans le domaine de la lutte contre la traite des personnes et le trafic de migrants, remerciant l&#8217;Union europ\u00e9enne pour son soutien et son accompagnement des efforts entrepris par l&#8217;Autorit\u00e9 nationale de lutte contre la traite des personnes et le trafic de migrants.<\/p>\n<p>Le chef de la coop\u00e9ration de l&#8217;UE, Wim Vandenbroucke, a salu\u00e9 le r\u00f4le jou\u00e9 par le Commissiat des droits de l&#8217;homme, de l&#8217;action humanitaire et des relations avec la soci\u00e9t\u00e9 civile \u00e0 travers l&#8217;Autorit\u00e9 nationale de lutte contre la traite des personnes et le trafic de migrants, qui joue un r\u00f4le crucial dans la protection des migrants les plus vuln\u00e9rables, victimes des r\u00e9seaux de passeurs.<\/p>\n<p>Il a soulign\u00e9 l&#8217;importance de la participation de tous \u00e0 la lutte contre la traite des personnes et le trafic de migrants, en insistant sur le soutien de l&#8217;UE aux efforts de la Mauritanie pour lutter contre ce ph\u00e9nom\u00e8ne.<\/p>\n<p>Le lancement de cette campagne de sensibilisation confirme la volont\u00e9 commune de renforcer la coop\u00e9ration entre l&#8217;Etat, les partenaires et les organisations de la soci\u00e9t\u00e9 civile pour soutenir tous les efforts de lutte contre la traite des personnes et le trafic de migrants, et pour d\u00e9manteler les r\u00e9seaux op\u00e9rant dans ce domaine, a-t-il dit.<\/p>\n<p>Dans un discours pr\u00e9c\u00e9dent au nom du Coordonnateur r\u00e9sident des Nations Unies, la repr\u00e9sentante du HCR a not\u00e9 que la Mauritanie a fait de grands progr\u00e8s dans la lutte contre la traite des personnes et le trafic de migrants, \u00e0 la fois par l&#8217;adoption de lois et la cr\u00e9ation de l&#8217;Autorit\u00e9 nationale de lutte contre la traite des personnes et le trafic de migrants.<\/p>\n<p>Elle a salu\u00e9 l&#8217;organisation de cette campagne, qui est une occasion de sensibiliser et de faire prendre conscience des dangers de la migration ill\u00e9gale et de combattre le discours mensonger de ses r\u00e9seaux criminels.<\/p>\n<p>Le lancement de cette campagne de sensibilisation s&#8217;est d\u00e9roul\u00e9 en pr\u00e9sence du ministre de la justice, du ministre de l&#8217;Int\u00e9rieur, de la promotion de la d\u00e9centralisation et du d\u00e9veloppement local, du commissaire adjoint aux droits de l&#8217;homme, du wali de Nouakchott Ouest, du directeur de l&#8217;autorit\u00e9 nationale de lutte contre la traite des personnes et le trafic illicite de migrants, d&#8217;\u00e9lus, de conseillers et de directeurs au Commissariat des droits de l&#8217;homme, \u00e0 l&#8217;action humanitaire et aux relations avec la soci\u00e9t\u00e9 civile.<\/p>\n","protected":false},"excerpt":{"rendered":"<p>Le Commissaire aux droits de l&#8217;homme, \u00e0 l&#8217;action humanitaire et aux relations avec la soci\u00e9t\u00e9 civile, M. Sid&#8217;Ahmed Ould Bennane, a supervis\u00e9, mardi, au Centre international des conf\u00e9rences de Nouakchott, le lancement d&#8217;une campagne de sensibilisation contre le trafic de migrants dans les wilayas de Nouakchott. Cette campagne, organis\u00e9e par l&#8217;Instance Nationale de Lutte contre [&hellip;]<\/p>\n","protected":false},"author":5,"featured_media":270927,"comment_status":"open","ping_status":"open","sticky":false,"template":"","format":"standard","meta":{"footnotes":""},"categories":[63920,63957,63959,63927],"tags":[],"class_list":["post-270926","post","type-post","status-publish","format-standard","has-post-thumbnail","hentry","category-a-la-une","category-fil-dactualite","category-mauritanie","category-slider-mauritanie"],"_links":{"self":[{"href":"https:\/\/ami.mr\/fr\/wp-json\/wp\/v2\/posts\/270926","targetHints":{"allow":["GET"]}}],"collection":[{"href":"https:\/\/ami.mr\/fr\/wp-json\/wp\/v2\/posts"}],"about":[{"href":"https:\/\/ami.mr\/fr\/wp-json\/wp\/v2\/types\/post"}],"author":[{"embeddable":true,"href":"https:\/\/ami.mr\/fr\/wp-json\/wp\/v2\/users\/5"}],"replies":[{"embeddable":true,"href":"https:\/\/ami.mr\/fr\/wp-json\/wp\/v2\/comments?post=270926"}],"version-history":[{"count":1,"href":"https:\/\/ami.mr\/fr\/wp-json\/wp\/v2\/posts\/270926\/revisions"}],"predecessor-version":[{"id":270929,"href":"https:\/\/ami.mr\/fr\/wp-json\/wp\/v2\/posts\/270926\/revisions\/270929"}],"wp:featuredmedia":[{"embeddable":true,"href":"https:\/\/ami.mr\/fr\/wp-json\/wp\/v2\/media\/270927"}],"wp:attachment":[{"href":"https:\/\/ami.mr\/fr\/wp-json\/wp\/v2\/media?parent=270926"}],"wp:term":[{"taxonomy":"category","embeddable":true,"href":"https:\/\/ami.mr\/fr\/wp-json\/wp\/v2\/categories?post=270926"},{"taxonomy":"post_tag","embeddable":true,"href":"https:\/\/ami.mr\/fr\/wp-json\/wp\/v2\/tags?post=270926"}],"curies":[{"name":"wp","href":"https:\/\/api.w.org\/{rel}","templated":true}]}}