{"id":270795,"date":"2025-05-12T13:59:25","date_gmt":"2025-05-12T13:59:25","guid":{"rendered":"https:\/\/ami.mr\/fr\/?p=270795"},"modified":"2025-05-12T13:59:25","modified_gmt":"2025-05-12T13:59:25","slug":"le-ministre-de-lagriculture-rencontre-le-directeur-general-de-la-fao","status":"publish","type":"post","link":"https:\/\/ami.mr\/fr\/archives\/270795","title":{"rendered":"Le ministre de l&#8217;Agriculture rencontre le directeur g\u00e9n\u00e9ral de la FAO"},"content":{"rendered":"<p>Le ministre de l&#8217;Agriculture et de la Souverainet\u00e9 alimentaire, M. Emmeme Ould Beibate, a re\u00e7u, lundi \u00e0 Bari, le directeur g\u00e9n\u00e9ral de l&#8217;Organisation des Nations Unies pour l&#8217;alimentation et l&#8217;agriculture (FAO).<\/p>\n<p>La r\u00e9union a port\u00e9 sur l&#8217;ordre du jour de la 34\u00e8me session r\u00e9gionale de l&#8217;Organisation ax\u00e9e sur Afrique 2026, qui se tiendra en Mauritanie, r\u00e9unissant les ministres africains charg\u00e9s de l&#8217;agriculture.<\/p>\n<p>Au cours de cette session, plusieurs th\u00e8mes li\u00e9s \u00e0 la promotion du secteur agricole en Afrique seront abord\u00e9s.<\/p>\n<p>La r\u00e9union s&#8217;est d\u00e9roul\u00e9e en pr\u00e9sence du directeur de la protection des v\u00e9g\u00e9taux du minist\u00e8re de l&#8217;Agriculture et de la Souverainet\u00e9 Alimentaire, M. Sidi Mohamed Ould El Ghassem..<\/p>\n","protected":false},"excerpt":{"rendered":"<p>Le ministre de l&#8217;Agriculture et de la Souverainet\u00e9 alimentaire, M. Emmeme Ould Beibate, a re\u00e7u, lundi \u00e0 Bari, le directeur g\u00e9n\u00e9ral de l&#8217;Organisation des Nations Unies pour l&#8217;alimentation et l&#8217;agriculture (FAO). La r\u00e9union a port\u00e9 sur l&#8217;ordre du jour de la 34\u00e8me session r\u00e9gionale de l&#8217;Organisation ax\u00e9e sur Afrique 2026, qui se tiendra en Mauritanie, [&hellip;]<\/p>\n","protected":false},"author":18,"featured_media":270797,"comment_status":"open","ping_status":"open","sticky":false,"template":"","format":"standard","meta":{"footnotes":""},"categories":[63918,63957,25],"tags":[],"class_list":["post-270795","post","type-post","status-publish","format-standard","has-post-thumbnail","hentry","category-autres","category-fil-dactualite","category-25"],"_links":{"self":[{"href":"https:\/\/ami.mr\/fr\/wp-json\/wp\/v2\/posts\/270795","targetHints":{"allow":["GET"]}}],"collection":[{"href":"https:\/\/ami.mr\/fr\/wp-json\/wp\/v2\/posts"}],"about":[{"href":"https:\/\/ami.mr\/fr\/wp-json\/wp\/v2\/types\/post"}],"author":[{"embeddable":true,"href":"https:\/\/ami.mr\/fr\/wp-json\/wp\/v2\/users\/18"}],"replies":[{"embeddable":true,"href":"https:\/\/ami.mr\/fr\/wp-json\/wp\/v2\/comments?post=270795"}],"version-history":[{"count":1,"href":"https:\/\/ami.mr\/fr\/wp-json\/wp\/v2\/posts\/270795\/revisions"}],"predecessor-version":[{"id":270798,"href":"https:\/\/ami.mr\/fr\/wp-json\/wp\/v2\/posts\/270795\/revisions\/270798"}],"wp:featuredmedia":[{"embeddable":true,"href":"https:\/\/ami.mr\/fr\/wp-json\/wp\/v2\/media\/270797"}],"wp:attachment":[{"href":"https:\/\/ami.mr\/fr\/wp-json\/wp\/v2\/media?parent=270795"}],"wp:term":[{"taxonomy":"category","embeddable":true,"href":"https:\/\/ami.mr\/fr\/wp-json\/wp\/v2\/categories?post=270795"},{"taxonomy":"post_tag","embeddable":true,"href":"https:\/\/ami.mr\/fr\/wp-json\/wp\/v2\/tags?post=270795"}],"curies":[{"name":"wp","href":"https:\/\/api.w.org\/{rel}","templated":true}]}}