{"id":270765,"date":"2025-05-12T09:56:48","date_gmt":"2025-05-12T09:56:48","guid":{"rendered":"https:\/\/ami.mr\/fr\/?p=270765"},"modified":"2025-05-12T09:56:48","modified_gmt":"2025-05-12T09:56:48","slug":"le-ministre-de-lenergie-se-rend-en-france-pour-participer-au-forum-dinvestissement-en-afrique","status":"publish","type":"post","link":"https:\/\/ami.mr\/fr\/archives\/270765","title":{"rendered":"Le ministre de l&#8217;Energie se rend en France pour participer au Forum d&#8217;investissement en Afrique"},"content":{"rendered":"<p>Le ministre de l\u2019\u00c9nergie et du P\u00e9trole, M. Mohamed Ould Khaled, a quitt\u00e9 Nouakchott dimanche soir pour la France o\u00f9 il participera aux travaux du forum l&#8217;Africa Energy Investment IAE 2025, pr\u00e9vu les 13 et 14 mai \u00e0 Paris.<\/p>\n<p>IAE 2025 est un forum exclusif con\u00e7u pour faciliter les investissements entre les march\u00e9s africains de l&#8217;\u00e9nergie et les investisseurs mondiaux. L&#8217;\u00e9v\u00e9nement offre aux d\u00e9l\u00e9gu\u00e9s deux jours d&#8217;\u00e9changes intensifs avec des experts de l&#8217;industrie, des d\u00e9veloppeurs de projets, des investisseurs et des d\u00e9cideurs politiques.<\/p>\n<p>Cette session r\u00e9unira des dirigeants du secteur de l&#8217;\u00e9nergie, des d\u00e9cideurs politiques et des experts en investissement afin d&#8217;explorer des m\u00e9canismes de financement innovants, des strat\u00e9gies de r\u00e9duction des risques et des efforts de mobilisation de capitaux essentiels au financement de l&#8217;avenir \u00e9nerg\u00e9tique de l&#8217;Afrique.<\/p>\n<p>\u00c0 l&#8217;occasion de l&#8217;EAI 2025, un groupe d&#8217;experts sp\u00e9cialis\u00e9 explorera des solutions innovantes pour relever ces d\u00e9fis, en mettant en lumi\u00e8re des strat\u00e9gies visant \u00e0 attirer les investissements, \u00e0 renforcer l&#8217;avantage concurrentiel de l&#8217;Afrique et \u00e0 favoriser un d\u00e9veloppement transformateur.<\/p>\n<p>Notons que l&#8217;Afrique est riche en ressources naturelles, avec plus de 125 milliards de barils de r\u00e9serves p\u00e9troli\u00e8res et 620 trillions de pieds cubes de gaz naturel. En outre, le continent d\u00e9tient 60 % du potentiel solaire mondial, ce qui en fait de lui un leader mondial en mati\u00e8re d&#8217;\u00e9nergie propre.<\/p>\n<p>Le ministre est accompagn\u00e9 d&#8217;une d\u00e9l\u00e9gation de son d\u00e9partement.<\/p>\n","protected":false},"excerpt":{"rendered":"<p>Le ministre de l\u2019\u00c9nergie et du P\u00e9trole, M. Mohamed Ould Khaled, a quitt\u00e9 Nouakchott dimanche soir pour la France o\u00f9 il participera aux travaux du forum l&#8217;Africa Energy Investment IAE 2025, pr\u00e9vu les 13 et 14 mai \u00e0 Paris. IAE 2025 est un forum exclusif con\u00e7u pour faciliter les investissements entre les march\u00e9s africains de [&hellip;]<\/p>\n","protected":false},"author":18,"featured_media":270766,"comment_status":"open","ping_status":"open","sticky":false,"template":"","format":"standard","meta":{"footnotes":""},"categories":[63918,63957,63959],"tags":[],"class_list":["post-270765","post","type-post","status-publish","format-standard","has-post-thumbnail","hentry","category-autres","category-fil-dactualite","category-mauritanie"],"_links":{"self":[{"href":"https:\/\/ami.mr\/fr\/wp-json\/wp\/v2\/posts\/270765","targetHints":{"allow":["GET"]}}],"collection":[{"href":"https:\/\/ami.mr\/fr\/wp-json\/wp\/v2\/posts"}],"about":[{"href":"https:\/\/ami.mr\/fr\/wp-json\/wp\/v2\/types\/post"}],"author":[{"embeddable":true,"href":"https:\/\/ami.mr\/fr\/wp-json\/wp\/v2\/users\/18"}],"replies":[{"embeddable":true,"href":"https:\/\/ami.mr\/fr\/wp-json\/wp\/v2\/comments?post=270765"}],"version-history":[{"count":1,"href":"https:\/\/ami.mr\/fr\/wp-json\/wp\/v2\/posts\/270765\/revisions"}],"predecessor-version":[{"id":270767,"href":"https:\/\/ami.mr\/fr\/wp-json\/wp\/v2\/posts\/270765\/revisions\/270767"}],"wp:featuredmedia":[{"embeddable":true,"href":"https:\/\/ami.mr\/fr\/wp-json\/wp\/v2\/media\/270766"}],"wp:attachment":[{"href":"https:\/\/ami.mr\/fr\/wp-json\/wp\/v2\/media?parent=270765"}],"wp:term":[{"taxonomy":"category","embeddable":true,"href":"https:\/\/ami.mr\/fr\/wp-json\/wp\/v2\/categories?post=270765"},{"taxonomy":"post_tag","embeddable":true,"href":"https:\/\/ami.mr\/fr\/wp-json\/wp\/v2\/tags?post=270765"}],"curies":[{"name":"wp","href":"https:\/\/api.w.org\/{rel}","templated":true}]}}