{"id":270712,"date":"2025-05-10T19:12:34","date_gmt":"2025-05-10T19:12:34","guid":{"rendered":"https:\/\/ami.mr\/fr\/?p=270712"},"modified":"2025-05-10T19:12:34","modified_gmt":"2025-05-10T19:12:34","slug":"radio-mauritanie-lance-une-nouvelle-grille-de-programmes-pour-la-radio-de-la-jeunesse-et-des-sports","status":"publish","type":"post","link":"https:\/\/ami.mr\/fr\/archives\/270712","title":{"rendered":"Radio Mauritanie lance une nouvelle grille de programmes pour la radio de la jeunesse et des sports"},"content":{"rendered":"<p>Radio Mauritanie a lanc\u00e9 samedi \u00e0 son si\u00e8ge \u00e0 Nouakchott une nouvelle grille de programmes pour la radio de la jeunesse et des sports, co\u00efncidant avec le d\u00e9but de la diffusion num\u00e9rique de la radio sur les plateformes des m\u00e9dias sociaux.<\/p>\n<p>La c\u00e9r\u00e9monie s&#8217;est d\u00e9roul\u00e9e en pr\u00e9sence de M. El Hussein Ould Medou, Ministre de la Culture, des Arts, de la Communication et des Relations avec le Parlement, Porte-parole du Gouvernement, et de M. Mohamed Abdallahi Louly, Ministre de la Promotion de la Jeunesse, de l&#8217;Emploi, des Sports et du Service civique.<\/p>\n<p>La d\u00e9l\u00e9gation officielle a visit\u00e9 un certain nombre de bureaux de la radio et a \u00e9cout\u00e9 des explications sur le processus et le contenu des nouveaux programmes pour la jeunesse.<\/p>\n<p>Dans une allocution prononc\u00e9e \u00e0 cette occasion, le directeur g\u00e9n\u00e9ral de Radio Mauritanie, M. Mohamed Abdelkader Ould Elada, a indiqu\u00e9 que cette d\u00e9marche r\u00e9pond aux hautes directives de Son Excellence le Pr\u00e9sident de la R\u00e9publique, Monsieur Mohamed Ould Cheikh El Ghazouani, visant l&#8217;autonomisation de la jeunesse au cours de l&#8217;actuel mandat, notant que la station de la jeunesse est dot\u00e9e d&#8217;\u00e9quipements techniques de pointe dans le domaine de l&#8217;audiovisuel.<\/p>\n<p>Il a soulign\u00e9 l&#8217;importance du r\u00f4le des m\u00e9dias dans la formation des consciences et des comportements, affirmant que la radio demeure un moyen efficace pour promouvoir les valeurs nationales, consolider l&#8217;esprit de citoyennet\u00e9 et diffuser le savoir parmi les jeunes.<\/p>\n<p>M. Ahmed Mahmoud Hamdinou, directeur de la radio de la jeunesse et des sports, a d\u00e9clar\u00e9 que la nouvelle station est le r\u00e9sultat d&#8217;efforts collectifs pour se rapprocher des aspirations des jeunes \u00e0 travers des contenus qui incluent la politique, la culture, l&#8217;art, l&#8217;\u00e9ducation et les questions sociales, soulignant qu&#8217;elle \u00e9quilibre entre l&#8217;\u00e9ducation et le divertissement, tout en respectant les tendances nationales et la diversit\u00e9 des langues locales.<\/p>\n<p><img decoding=\"async\" class=\"alignnone  wp-image-270714\" src=\"https:\/\/ami.mr\/fr\/wp-content\/uploads\/2025\/05\/3G7A0439-300x200.jpg\" alt=\"\" width=\"798\" height=\"532\" srcset=\"https:\/\/ami.mr\/fr\/wp-content\/uploads\/2025\/05\/3G7A0439-300x200.jpg 300w, https:\/\/ami.mr\/fr\/wp-content\/uploads\/2025\/05\/3G7A0439-1024x683.jpg 1024w, https:\/\/ami.mr\/fr\/wp-content\/uploads\/2025\/05\/3G7A0439-768x512.jpg 768w, https:\/\/ami.mr\/fr\/wp-content\/uploads\/2025\/05\/3G7A0439-1536x1024.jpg 1536w, https:\/\/ami.mr\/fr\/wp-content\/uploads\/2025\/05\/3G7A0439-2048x1365.jpg 2048w\" sizes=\"(max-width: 798px) 100vw, 798px\" \/><\/p>\n","protected":false},"excerpt":{"rendered":"<p>Radio Mauritanie a lanc\u00e9 samedi \u00e0 son si\u00e8ge \u00e0 Nouakchott une nouvelle grille de programmes pour la radio de la jeunesse et des sports, co\u00efncidant avec le d\u00e9but de la diffusion num\u00e9rique de la radio sur les plateformes des m\u00e9dias sociaux. La c\u00e9r\u00e9monie s&#8217;est d\u00e9roul\u00e9e en pr\u00e9sence de M. El Hussein Ould Medou, Ministre de [&hellip;]<\/p>\n","protected":false},"author":17,"featured_media":270713,"comment_status":"open","ping_status":"open","sticky":false,"template":"","format":"standard","meta":{"footnotes":""},"categories":[63918,63957,63959],"tags":[],"class_list":["post-270712","post","type-post","status-publish","format-standard","has-post-thumbnail","hentry","category-autres","category-fil-dactualite","category-mauritanie"],"_links":{"self":[{"href":"https:\/\/ami.mr\/fr\/wp-json\/wp\/v2\/posts\/270712","targetHints":{"allow":["GET"]}}],"collection":[{"href":"https:\/\/ami.mr\/fr\/wp-json\/wp\/v2\/posts"}],"about":[{"href":"https:\/\/ami.mr\/fr\/wp-json\/wp\/v2\/types\/post"}],"author":[{"embeddable":true,"href":"https:\/\/ami.mr\/fr\/wp-json\/wp\/v2\/users\/17"}],"replies":[{"embeddable":true,"href":"https:\/\/ami.mr\/fr\/wp-json\/wp\/v2\/comments?post=270712"}],"version-history":[{"count":1,"href":"https:\/\/ami.mr\/fr\/wp-json\/wp\/v2\/posts\/270712\/revisions"}],"predecessor-version":[{"id":270715,"href":"https:\/\/ami.mr\/fr\/wp-json\/wp\/v2\/posts\/270712\/revisions\/270715"}],"wp:featuredmedia":[{"embeddable":true,"href":"https:\/\/ami.mr\/fr\/wp-json\/wp\/v2\/media\/270713"}],"wp:attachment":[{"href":"https:\/\/ami.mr\/fr\/wp-json\/wp\/v2\/media?parent=270712"}],"wp:term":[{"taxonomy":"category","embeddable":true,"href":"https:\/\/ami.mr\/fr\/wp-json\/wp\/v2\/categories?post=270712"},{"taxonomy":"post_tag","embeddable":true,"href":"https:\/\/ami.mr\/fr\/wp-json\/wp\/v2\/tags?post=270712"}],"curies":[{"name":"wp","href":"https:\/\/api.w.org\/{rel}","templated":true}]}}