{"id":270497,"date":"2025-05-07T19:55:43","date_gmt":"2025-05-07T19:55:43","guid":{"rendered":"https:\/\/ami.mr\/fr\/?p=270497"},"modified":"2025-05-07T19:55:43","modified_gmt":"2025-05-07T19:55:43","slug":"la-region-du-hodh-charghi-tient-sa-deuxieme-session-ordinaire","status":"publish","type":"post","link":"https:\/\/ami.mr\/fr\/archives\/270497","title":{"rendered":"La R\u00e9gion du Hodh Charghi tient sa deuxi\u00e8me session ordinaire"},"content":{"rendered":"<div class=\"cell auto-size\">\n<div class=\"set-border bd-gray padding10 margin10 no-margin-right no-margin-left \" dir=\"ltr\">\n<p>La r\u00e9gion du Hodh Charghi a tenu, mercredi \u00e0 N\u00e9ma, sa deuxi\u00e8me session ordinaire pour l\u2019ann\u00e9e 2025, en pr\u00e9sence du wali, M. Isselmou Ould Sidi. L\u2019ordre du jour de la session comprenait l\u2019approbation des comptes administratifs et de gestion, l\u2019approbation du budget suppl\u00e9mentaire, le rapport intersessions et un d\u00e9bat sur la strat\u00e9gie de d\u00e9veloppement de la R\u00e9gion.<\/p>\n<p>Au cours de son allocution, le wali a soulign\u00e9 l\u2019importance du r\u00f4le pivot jou\u00e9 par la r\u00e9gion dans le domaine du d\u00e9veloppement, soulignant que les hautes autorit\u00e9s du pays ont \u0153uvr\u00e9 \u00e0 l\u2019am\u00e9lioration des conditions des citoyens \u00e0 travers des interventions et des programmes de d\u00e9veloppement dans divers domaines, appelant les conseillers \u00e0 renforcer leur r\u00f4le et leur encadrement afin de r\u00e9ussir les politiques publiques li\u00e9es au d\u00e9veloppement local.<\/p>\n<p>Pour sa part, le Pr\u00e9sident de la R\u00e9gion du Hodh Charghi, M. Mohamedou Ould Tijani, a confirm\u00e9 la poursuite du plan de d\u00e9veloppement de la r\u00e9gion dans les domaines de l\u2019\u00e9ducation, de la sant\u00e9 et d\u2019autres domaines qui contribuent \u00e0 l\u2019atteinte des objectifs nationaux de d\u00e9veloppement, appelant les membres du Conseil r\u00e9gional \u00e0 \u0153uvrer \u00e0 la sensibilisation des citoyens sur la n\u00e9cessit\u00e9 de se pr\u00e9parer \u00e0 la prochaine campagne agricole, soulignant la volont\u00e9 de la r\u00e9gion \u00e0 soutenir les acteurs locaux dans le domaine agricole, et exhort\u00e9 \u00e0 traiter positivement le dossier migratoire conform\u00e9ment aux politiques g\u00e9n\u00e9rales de l\u2019Etat, soulignant que la Mauritanie restera un pays hospitalier pour tous les r\u00e9sidents l\u00e9gaux.<\/p>\n<p>La R\u00e9gion du Hodh Charghi s\u2019emploie \u00e0 jouer un r\u00f4le de leader dans l\u2019avancement du d\u00e9veloppement local et l\u2019am\u00e9lioration des conditions de vie \u00e0 travers des programmes de d\u00e9veloppement et des interventions dans de nombreux domaines gr\u00e2ce \u00e0 un appui direct et \u00e0 une coop\u00e9ration avec des partenaires internationaux.<\/p>\n<\/div>\n<\/div>\n","protected":false},"excerpt":{"rendered":"<p>La r\u00e9gion du Hodh Charghi a tenu, mercredi \u00e0 N\u00e9ma, sa deuxi\u00e8me session ordinaire pour l\u2019ann\u00e9e 2025, en pr\u00e9sence du wali, M. Isselmou Ould Sidi. L\u2019ordre du jour de la session comprenait l\u2019approbation des comptes administratifs et de gestion, l\u2019approbation du budget suppl\u00e9mentaire, le rapport intersessions et un d\u00e9bat sur la strat\u00e9gie de d\u00e9veloppement de [&hellip;]<\/p>\n","protected":false},"author":5,"featured_media":270498,"comment_status":"open","ping_status":"open","sticky":false,"template":"","format":"standard","meta":{"footnotes":""},"categories":[63918,63957,8672],"tags":[],"class_list":["post-270497","post","type-post","status-publish","format-standard","has-post-thumbnail","hentry","category-autres","category-fil-dactualite","category-8672"],"_links":{"self":[{"href":"https:\/\/ami.mr\/fr\/wp-json\/wp\/v2\/posts\/270497","targetHints":{"allow":["GET"]}}],"collection":[{"href":"https:\/\/ami.mr\/fr\/wp-json\/wp\/v2\/posts"}],"about":[{"href":"https:\/\/ami.mr\/fr\/wp-json\/wp\/v2\/types\/post"}],"author":[{"embeddable":true,"href":"https:\/\/ami.mr\/fr\/wp-json\/wp\/v2\/users\/5"}],"replies":[{"embeddable":true,"href":"https:\/\/ami.mr\/fr\/wp-json\/wp\/v2\/comments?post=270497"}],"version-history":[{"count":1,"href":"https:\/\/ami.mr\/fr\/wp-json\/wp\/v2\/posts\/270497\/revisions"}],"predecessor-version":[{"id":270499,"href":"https:\/\/ami.mr\/fr\/wp-json\/wp\/v2\/posts\/270497\/revisions\/270499"}],"wp:featuredmedia":[{"embeddable":true,"href":"https:\/\/ami.mr\/fr\/wp-json\/wp\/v2\/media\/270498"}],"wp:attachment":[{"href":"https:\/\/ami.mr\/fr\/wp-json\/wp\/v2\/media?parent=270497"}],"wp:term":[{"taxonomy":"category","embeddable":true,"href":"https:\/\/ami.mr\/fr\/wp-json\/wp\/v2\/categories?post=270497"},{"taxonomy":"post_tag","embeddable":true,"href":"https:\/\/ami.mr\/fr\/wp-json\/wp\/v2\/tags?post=270497"}],"curies":[{"name":"wp","href":"https:\/\/api.w.org\/{rel}","templated":true}]}}