{"id":270217,"date":"2025-05-03T14:24:07","date_gmt":"2025-05-03T14:24:07","guid":{"rendered":"https:\/\/ami.mr\/fr\/?p=270217"},"modified":"2025-05-03T14:24:07","modified_gmt":"2025-05-03T14:24:07","slug":"ministre-de-la-culture-les-libertes-dexpression-et-de-la-presse-sont-des-piliers-fondamentaux-de-la-construction-detats-democratiques","status":"publish","type":"post","link":"https:\/\/ami.mr\/fr\/archives\/270217","title":{"rendered":"Ministre de la Culture : &#8220;Les libert\u00e9s d&#8217;expression et de la presse sont des piliers fondamentaux de la construction d&#8217;\u00c9tats d\u00e9mocratiques&#8221;"},"content":{"rendered":"<p>Le ministre de la Culture, des Arts, de la Communication et des Relations avec le Parlement, porte-parole du gouvernement, M. El Houssein Ould Meddou, a d\u00e9clar\u00e9 que la Journ\u00e9e mondiale de la libert\u00e9 de la presse, c\u00e9l\u00e9br\u00e9e chaque ann\u00e9e le 3 mai, n&#8217;est pas seulement une occasion de c\u00e9l\u00e9bration, mais plut\u00f4t une occasion de r\u00e9flexion et d&#8217;\u00e9valuation, et l&#8217;occasion d&#8217;affirmer que les libert\u00e9s d&#8217;expression et de la presse sont des piliers indispensables de la construction d&#8217;\u00c9tats d\u00e9mocratiques.<\/p>\n<p>Ces propos ont \u00e9t\u00e9 tenus lors de la c\u00e9r\u00e9monie de comm\u00e9moration de la Journ\u00e9e mondiale de la libert\u00e9 de la presse, samedi \u00e0 Nouakchott, sous le th\u00e8me \u00ab L&#8217;intelligence artificielle au service de la libert\u00e9, du professionnalisme et de la coh\u00e9sion sociale \u00bb.<\/p>\n<p>Le ministre a ajout\u00e9 que le th\u00e8me choisi cette ann\u00e9e pour la comm\u00e9moration de cette journ\u00e9e repr\u00e9sente \u00e0 la fois un d\u00e9fi majeur et une opportunit\u00e9 rare.<\/p>\n<p>Les Nations Unies ont choisi de se concentrer sur l&#8217;impact de l&#8217;intelligence artificielle sur la libert\u00e9 de la presse, compte tenu de l&#8217;impact profond de ce domaine \u00e9mergent sur le travail des m\u00e9dias, leur cr\u00e9dibilit\u00e9 et leur diversit\u00e9.<\/p>\n<p>Il a soulign\u00e9 que l&#8217;intelligence artificielle, capable de simuler les capacit\u00e9s mentales humaines de compr\u00e9hension, d&#8217;analyse et de g\u00e9n\u00e9ration, est aujourd&#8217;hui pr\u00e9sente dans les salles de r\u00e9daction, dans les outils de v\u00e9rification et entre les mains des journalistes et des \u00e9diteurs. Bien utilis\u00e9e, elle contribue \u00e0 acc\u00e9l\u00e9rer l&#8217;acc\u00e8s \u00e0 l&#8217;information, \u00e0 soutenir la v\u00e9rification, voire \u00e0 prot\u00e9ger les journalistes eux-m\u00eames, \u00e0 d\u00e9mocratiser l&#8217;information et \u00e0 faciliter la performance de m\u00e9dias professionnels.<\/p>\n<p>Il a expliqu\u00e9 que Son Excellence le Pr\u00e9sident de la R\u00e9publique, M. Mohamed Ould Cheikh El Ghazouani, a fait du renforcement de la libert\u00e9 de la presse et de l&#8217;am\u00e9lioration des conditions d&#8217;exercice de la profession de journaliste un pilier fondamental de son projet national.<\/p>\n<p>Il a indiqu\u00e9 que c\u2019est vision \u00e9clair\u00e9e et coh\u00e9rente que le gouvernement de Son Excellence le Premier ministre, M. Moctar Ould Diay s\u2019att\u00e8le \u00e0 traduire en une r\u00e9alit\u00e9 concr\u00e8te, en passant en revue certaines des r\u00e9alisations accomplies ces derni\u00e8res ann\u00e9es.<\/p>\n<p>Le ministre a renouvel\u00e9 son engagement \u00e0 continuer de soutenir la libert\u00e9 de la presse, \u00e0 promouvoir la transparence et \u00e0 b\u00e2tir des m\u00e9dias nationaux libres, professionnels et responsables, qui refl\u00e8tent l&#8217;image du pays, portent sa voix avec honn\u00eatet\u00e9 et int\u00e9grit\u00e9, favorisent la coh\u00e9sion sociale et valorisent la diversit\u00e9 culturelle.<\/p>\n<p>La c\u00e9r\u00e9monie, qui s&#8217;est d\u00e9roul\u00e9e en pr\u00e9sence de plusieurs membres du gouvernement et de repr\u00e9sentants des syndicats et associations de presse, a \u00e9t\u00e9 marqu\u00e9 par la projection d&#8217;un film mettant en lumi\u00e8re les r\u00e9alisations du secteur des m\u00e9dias depuis l&#8217;arriv\u00e9e au pouvoir de Son Excellence le Pr\u00e9sident de la R\u00e9publique M. Mohamed Ould Cheikh El Ghazouani en 2019.<\/p>\n<p>Le ministre de la Culture, des Arts, de la Communication et des Relations avec le Parlement, porte-parole du Gouvernement a \u00e9galement re\u00e7u la plateforme de dol\u00e9ances de la part des dirigeants et des repr\u00e9sentants des syndicats et associations de presse.<\/p>\n","protected":false},"excerpt":{"rendered":"<p>Le ministre de la Culture, des Arts, de la Communication et des Relations avec le Parlement, porte-parole du gouvernement, M. El Houssein Ould Meddou, a d\u00e9clar\u00e9 que la Journ\u00e9e mondiale de la libert\u00e9 de la presse, c\u00e9l\u00e9br\u00e9e chaque ann\u00e9e le 3 mai, n&#8217;est pas seulement une occasion de c\u00e9l\u00e9bration, mais plut\u00f4t une occasion de r\u00e9flexion [&hellip;]<\/p>\n","protected":false},"author":18,"featured_media":270218,"comment_status":"open","ping_status":"open","sticky":false,"template":"","format":"standard","meta":{"footnotes":""},"categories":[63920,63957,63959],"tags":[],"class_list":["post-270217","post","type-post","status-publish","format-standard","has-post-thumbnail","hentry","category-a-la-une","category-fil-dactualite","category-mauritanie"],"_links":{"self":[{"href":"https:\/\/ami.mr\/fr\/wp-json\/wp\/v2\/posts\/270217","targetHints":{"allow":["GET"]}}],"collection":[{"href":"https:\/\/ami.mr\/fr\/wp-json\/wp\/v2\/posts"}],"about":[{"href":"https:\/\/ami.mr\/fr\/wp-json\/wp\/v2\/types\/post"}],"author":[{"embeddable":true,"href":"https:\/\/ami.mr\/fr\/wp-json\/wp\/v2\/users\/18"}],"replies":[{"embeddable":true,"href":"https:\/\/ami.mr\/fr\/wp-json\/wp\/v2\/comments?post=270217"}],"version-history":[{"count":1,"href":"https:\/\/ami.mr\/fr\/wp-json\/wp\/v2\/posts\/270217\/revisions"}],"predecessor-version":[{"id":270219,"href":"https:\/\/ami.mr\/fr\/wp-json\/wp\/v2\/posts\/270217\/revisions\/270219"}],"wp:featuredmedia":[{"embeddable":true,"href":"https:\/\/ami.mr\/fr\/wp-json\/wp\/v2\/media\/270218"}],"wp:attachment":[{"href":"https:\/\/ami.mr\/fr\/wp-json\/wp\/v2\/media?parent=270217"}],"wp:term":[{"taxonomy":"category","embeddable":true,"href":"https:\/\/ami.mr\/fr\/wp-json\/wp\/v2\/categories?post=270217"},{"taxonomy":"post_tag","embeddable":true,"href":"https:\/\/ami.mr\/fr\/wp-json\/wp\/v2\/tags?post=270217"}],"curies":[{"name":"wp","href":"https:\/\/api.w.org\/{rel}","templated":true}]}}