{"id":270042,"date":"2025-05-01T11:28:43","date_gmt":"2025-05-01T11:28:43","guid":{"rendered":"https:\/\/ami.mr\/fr\/?p=270042"},"modified":"2025-05-01T11:28:43","modified_gmt":"2025-05-01T11:28:43","slug":"lunion-des-ecrivains-organise-un-colloque-litteraire","status":"publish","type":"post","link":"https:\/\/ami.mr\/fr\/archives\/270042","title":{"rendered":"L&#8217;Union des \u00e9crivains organise un colloque litt\u00e9raire"},"content":{"rendered":"<p>L&#8217;Union des \u00e9crivains mauritaniens a organis\u00e9 mercredi, \u00e0 son si\u00e8ge \u00e0 Nouakchott, un \u00e9pisode de son colloque hebdomadaire \u00ab Caf\u00e9 litt\u00e9raire \u00bb.<\/p>\n<p>Cette semaine, le colloque a \u00e9t\u00e9 consacr\u00e9 \u00e0 la pr\u00e9sentation d&#8217;une lecture de certaines publications de l&#8217;\u00e9crivain et chercheur Cheikh Mouath Sidi Abdallah.<\/p>\n<p>Le vice-pr\u00e9sident de l&#8217;Union, M. Cheikh Ould Ahmedou, a introduit le s\u00e9minaire par un discours dans lequel il s&#8217;est r\u00e9joui de cette rencontre qui r\u00e9unit un groupe d&#8217;intellectuels et de chercheurs, et a souhait\u00e9 la bienvenue \u00e0 l&#8217;auteur et \u00e0 l&#8217;auditoire.<\/p>\n<p>Pour sa part, M. Cheikh Mouath Sidi Abdallah a abord\u00e9 les raisons du choix des th\u00e8mes de ses trois ouvrages pr\u00e9sent\u00e9s, ainsi que leurs contenus et leurs approches.<\/p>\n<p>Ensuite, des universitaires et de chercheurs ont pr\u00e9sent\u00e9, \u00e0 tour de r\u00f4le, des lectures des livres, en partageant des aspects de leur approches.<\/p>\n<p>De nombreux professeurs d&#8217;universit\u00e9, intellectuels, artistes, orateurs et personnes int\u00e9ress\u00e9es par la culture ont assist\u00e9 au s\u00e9minaire.<\/p>\n","protected":false},"excerpt":{"rendered":"<p>L&#8217;Union des \u00e9crivains mauritaniens a organis\u00e9 mercredi, \u00e0 son si\u00e8ge \u00e0 Nouakchott, un \u00e9pisode de son colloque hebdomadaire \u00ab Caf\u00e9 litt\u00e9raire \u00bb. Cette semaine, le colloque a \u00e9t\u00e9 consacr\u00e9 \u00e0 la pr\u00e9sentation d&#8217;une lecture de certaines publications de l&#8217;\u00e9crivain et chercheur Cheikh Mouath Sidi Abdallah. Le vice-pr\u00e9sident de l&#8217;Union, M. Cheikh Ould Ahmedou, a introduit [&hellip;]<\/p>\n","protected":false},"author":16,"featured_media":270043,"comment_status":"open","ping_status":"open","sticky":false,"template":"","format":"standard","meta":{"footnotes":""},"categories":[63918,63957,63959],"tags":[],"class_list":["post-270042","post","type-post","status-publish","format-standard","has-post-thumbnail","hentry","category-autres","category-fil-dactualite","category-mauritanie"],"_links":{"self":[{"href":"https:\/\/ami.mr\/fr\/wp-json\/wp\/v2\/posts\/270042","targetHints":{"allow":["GET"]}}],"collection":[{"href":"https:\/\/ami.mr\/fr\/wp-json\/wp\/v2\/posts"}],"about":[{"href":"https:\/\/ami.mr\/fr\/wp-json\/wp\/v2\/types\/post"}],"author":[{"embeddable":true,"href":"https:\/\/ami.mr\/fr\/wp-json\/wp\/v2\/users\/16"}],"replies":[{"embeddable":true,"href":"https:\/\/ami.mr\/fr\/wp-json\/wp\/v2\/comments?post=270042"}],"version-history":[{"count":1,"href":"https:\/\/ami.mr\/fr\/wp-json\/wp\/v2\/posts\/270042\/revisions"}],"predecessor-version":[{"id":270044,"href":"https:\/\/ami.mr\/fr\/wp-json\/wp\/v2\/posts\/270042\/revisions\/270044"}],"wp:featuredmedia":[{"embeddable":true,"href":"https:\/\/ami.mr\/fr\/wp-json\/wp\/v2\/media\/270043"}],"wp:attachment":[{"href":"https:\/\/ami.mr\/fr\/wp-json\/wp\/v2\/media?parent=270042"}],"wp:term":[{"taxonomy":"category","embeddable":true,"href":"https:\/\/ami.mr\/fr\/wp-json\/wp\/v2\/categories?post=270042"},{"taxonomy":"post_tag","embeddable":true,"href":"https:\/\/ami.mr\/fr\/wp-json\/wp\/v2\/tags?post=270042"}],"curies":[{"name":"wp","href":"https:\/\/api.w.org\/{rel}","templated":true}]}}