{"id":270036,"date":"2025-04-30T22:26:36","date_gmt":"2025-04-30T22:26:36","guid":{"rendered":"https:\/\/ami.mr\/fr\/?p=270036"},"modified":"2025-04-30T22:26:36","modified_gmt":"2025-04-30T22:26:36","slug":"lassemblee-nationale-approuve-le-projet-de-loi-autorisant-la-ratification-dun-accord-de-pret-entre-la-mauritanie-et-le-fonds-africain-de-developpement","status":"publish","type":"post","link":"https:\/\/ami.mr\/fr\/archives\/270036","title":{"rendered":"L&#8217;Assembl\u00e9e nationale approuve le projet de loi autorisant la ratification d&#8217;un accord de pr\u00eat entre la Mauritanie et le Fonds africain de d\u00e9veloppement"},"content":{"rendered":"<div class=\"row\"><\/div>\n<div class=\"row\">\n<div class=\"cell auto-size\">\n<div class=\"set-border bd-gray padding10 margin10 no-margin-right no-margin-left \" dir=\"ltr\">\n<p>L&#8217;Assembl\u00e9e nationale a ratifi\u00e9, au cours d&#8217;une s\u00e9ance tenue mercredi soir, sous la pr\u00e9sidence de M. Ahmedou Mohamed Mahfoudh Mballa, deuxi\u00e8me vice-pr\u00e9sident de l&#8217;Assembl\u00e9e, le projet de loi n\u00b0 013-25 autorisant la ratification de l&#8217;accord de pr\u00eat sign\u00e9 le 28 janvier 2025 entre la R\u00e9publique Islamique de Mauritanie et le Fonds africain de d\u00e9veloppement (FAD), destin\u00e9 au financement du programme de d\u00e9veloppement global des p\u00e9rim\u00e8tres de mise en valeur des animaux dans la r\u00e9gion de l&#8217;Awkar (Programme Awkar &#8211; Phase 1).<\/p>\n<p><img decoding=\"async\" class=\"wp-image-270038 alignleft\" src=\"https:\/\/ami.mr\/fr\/wp-content\/uploads\/2025\/04\/30-04-2025-s0028-300x225.jpg\" alt=\"\" width=\"237\" height=\"178\" srcset=\"https:\/\/ami.mr\/fr\/wp-content\/uploads\/2025\/04\/30-04-2025-s0028-300x225.jpg 300w, https:\/\/ami.mr\/fr\/wp-content\/uploads\/2025\/04\/30-04-2025-s0028-768x576.jpg 768w, https:\/\/ami.mr\/fr\/wp-content\/uploads\/2025\/04\/30-04-2025-s0028-86x64.jpg 86w, https:\/\/ami.mr\/fr\/wp-content\/uploads\/2025\/04\/30-04-2025-s0028.jpg 800w\" sizes=\"(max-width: 237px) 100vw, 237px\" \/><\/p>\n<p>Pr\u00e9sentant le projet, le Ministre D\u00e9l\u00e9gu\u00e9 aupr\u00e8s du Ministre de l&#8217;Economie et des Finances charg\u00e9 du Budget, M. Kodioro Moussa Nguenor, a mis en exergue l&#8217;importance accord\u00e9e par le programme de Son Excellence le Pr\u00e9sident de la R\u00e9publique, M. Mohamed Ould Cheikh El-Ghazouani, au secteur de l&#8217;\u00e9levage, qui se traduit clairement par une action gouvernementale visant \u00e0 int\u00e9grer ce secteur vital dans le tissu \u00e9conomique par l&#8217;augmentation de la productivit\u00e9 et la promotion de l&#8217;industrialisation et de la commercialisation de ses produits, ce qui permettra d&#8217;atteindre l&#8217;autosuffisance en mati\u00e8re d&#8217;exportation de produits laitiers et de viandes rouges.<\/p>\n<p>La premi\u00e8re phase de ce programme vise \u00e0 d\u00e9velopper les ressources agricoles et pastorales dans la partie nord-est du Hodh Chargui (zone de Dhar), ce qui renforce la s\u00e9curit\u00e9 alimentaire, augmente la contribution du secteur de l&#8217;\u00e9levage au d\u00e9veloppement \u00e9conomique et social et rend les moyens de subsistance associ\u00e9s \u00e0 ce secteur plus durables et adaptables au changement climatique.<\/p>\n<p>Gr\u00e2ce \u00e0 ses trois composantes, le programme contribuera \u00e0 accro\u00eetre la production et la productivit\u00e9, \u00e0 d\u00e9velopper la transformation et la commercialisation des produits de l&#8217;\u00e9levage, \u00e0 renforcer la r\u00e9silience des communaut\u00e9s agricoles et pastorales, ainsi qu&#8217;\u00e0 promouvoir l&#8217;esprit d&#8217;entreprise chez les jeunes et les femmes, a-t-il d\u00e9clar\u00e9.<\/p>\n<p>Il a pr\u00e9cis\u00e9 que la premi\u00e8re phase du programme vise la partie nord-est de la wilaya du Hodh Chargui (Dhar), ce qui renforce la s\u00e9curit\u00e9 alimentaire et contribue au d\u00e9veloppement \u00e9conomique et social de la r\u00e9gion, le programme devant inclure d&#8217;autres zones dans les phases ult\u00e9rieures.<\/p>\n<p>Le ministre a conclu que le slogan de lutte contre la corruption lanc\u00e9 par S.E. le Pr\u00e9sident de la R\u00e9publique est une d\u00e9cision irr\u00e9versible, et que ses instructions \u00e0 tous les secteurs sont de ne pas tol\u00e9rer les pratiques li\u00e9es \u00e0 ce fl\u00e9au, et que ses ordres obligent tous les coordinateurs de projets \u00e0 les mettre en \u0153uvre conform\u00e9ment aux proc\u00e9dures \u00e9tablies, afin de surmonter le retard dans la mise en \u0153uvre de certains d&#8217;entre eux.<\/p>\n<p>Dans leurs interventions, les d\u00e9put\u00e9s ont soulign\u00e9 l&#8217;importance des pr\u00eats ax\u00e9s sur le d\u00e9veloppement, en particulier ceux qui servent le secteur de l&#8217;\u00e9levage et renforcent son r\u00f4le dans l&#8217;\u00e9conomie nationale.<\/p>\n<p>Les d\u00e9put\u00e9s ont soulev\u00e9 la n\u00e9cessit\u00e9 de mener des \u00e9tudes d&#8217;\u00e9valuation de l&#8217;impact des pr\u00eats sur le d\u00e9veloppement local et de leur contribution \u00e0 la stabilisation de la population dans leurs lieux d&#8217;origine, afin de rendre les interventions des projets financ\u00e9s par l&#8217;ext\u00e9rieur plus efficaces et efficientes.<\/p>\n<p>Ils ont \u00e9galement appel\u00e9 \u00e0 la cr\u00e9ation d&#8217;une \u00e9conomie collective dans les zones cibl\u00e9es par les projets, en d\u00e9finissant clairement les b\u00e9n\u00e9ficiaires et en donnant la priorit\u00e9 aux femmes et aux jeunes dans ces zones.<\/p>\n<\/div>\n<\/div>\n<\/div>\n","protected":false},"excerpt":{"rendered":"<p>L&#8217;Assembl\u00e9e nationale a ratifi\u00e9, au cours d&#8217;une s\u00e9ance tenue mercredi soir, sous la pr\u00e9sidence de M. Ahmedou Mohamed Mahfoudh Mballa, deuxi\u00e8me vice-pr\u00e9sident de l&#8217;Assembl\u00e9e, le projet de loi n\u00b0 013-25 autorisant la ratification de l&#8217;accord de pr\u00eat sign\u00e9 le 28 janvier 2025 entre la R\u00e9publique Islamique de Mauritanie et le Fonds africain de d\u00e9veloppement (FAD), [&hellip;]<\/p>\n","protected":false},"author":8,"featured_media":270037,"comment_status":"open","ping_status":"open","sticky":false,"template":"","format":"standard","meta":{"footnotes":""},"categories":[63920,63957],"tags":[],"class_list":["post-270036","post","type-post","status-publish","format-standard","has-post-thumbnail","hentry","category-a-la-une","category-fil-dactualite"],"_links":{"self":[{"href":"https:\/\/ami.mr\/fr\/wp-json\/wp\/v2\/posts\/270036","targetHints":{"allow":["GET"]}}],"collection":[{"href":"https:\/\/ami.mr\/fr\/wp-json\/wp\/v2\/posts"}],"about":[{"href":"https:\/\/ami.mr\/fr\/wp-json\/wp\/v2\/types\/post"}],"author":[{"embeddable":true,"href":"https:\/\/ami.mr\/fr\/wp-json\/wp\/v2\/users\/8"}],"replies":[{"embeddable":true,"href":"https:\/\/ami.mr\/fr\/wp-json\/wp\/v2\/comments?post=270036"}],"version-history":[{"count":1,"href":"https:\/\/ami.mr\/fr\/wp-json\/wp\/v2\/posts\/270036\/revisions"}],"predecessor-version":[{"id":270039,"href":"https:\/\/ami.mr\/fr\/wp-json\/wp\/v2\/posts\/270036\/revisions\/270039"}],"wp:featuredmedia":[{"embeddable":true,"href":"https:\/\/ami.mr\/fr\/wp-json\/wp\/v2\/media\/270037"}],"wp:attachment":[{"href":"https:\/\/ami.mr\/fr\/wp-json\/wp\/v2\/media?parent=270036"}],"wp:term":[{"taxonomy":"category","embeddable":true,"href":"https:\/\/ami.mr\/fr\/wp-json\/wp\/v2\/categories?post=270036"},{"taxonomy":"post_tag","embeddable":true,"href":"https:\/\/ami.mr\/fr\/wp-json\/wp\/v2\/tags?post=270036"}],"curies":[{"name":"wp","href":"https:\/\/api.w.org\/{rel}","templated":true}]}}