{"id":270005,"date":"2025-04-30T20:00:05","date_gmt":"2025-04-30T20:00:05","guid":{"rendered":"https:\/\/ami.mr\/fr\/?p=270005"},"modified":"2025-04-30T20:46:30","modified_gmt":"2025-04-30T20:46:30","slug":"le-ministre-de-la-fonction-publique-et-du-travail-le-gouvernement-est-determine-a-construire-un-partenariat-solide-avec-les-partenaires-sociaux","status":"publish","type":"post","link":"https:\/\/ami.mr\/fr\/archives\/270005","title":{"rendered":"Le ministre de la Fonction publique et du Travail : \u00ab le gouvernement est d\u00e9termin\u00e9 \u00e0 construire un partenariat solide avec les partenaires sociaux \u00bb"},"content":{"rendered":"<div class=\"row\"><\/div>\n<div class=\"row\">\n<div class=\"cell auto-size\">\n<div class=\"set-border bd-gray padding10 margin10 no-margin-right no-margin-left \" dir=\"ltr\">\n<p>Le ministre de la fonction publique et du travail, M. Mohamed Ould Soueidatt, a affirm\u00e9 que le gouvernement est d\u00e9termin\u00e9 \u00e0 construire un partenariat solide avec les partenaires sociaux. Ce Pacte social sera bas\u00e9 sur la concertation permanente, cherchant \u00e0 jeter les bases d\u2019un dialogue social r\u00e9gulier et institutionnalis\u00e9 pour am\u00e9liorer les conditions des travailleurs et assurer la paix sociale.<\/p>\n<p>Dans un discours prononc\u00e9 \u00e0 la veille de la comm\u00e9moration de la f\u00eate du travail, le ministre a indiqu\u00e9 que la Mauritanie vit aujourd\u2019hui une grande mutation gr\u00e2ce \u00e0 la vision \u00e9clair\u00e9e de Son Excellence le Pr\u00e9sident de la R\u00e9publique, M. Mohamed Ould Cheikh El Ghazouani, et aux sacrifices consentis par les travailleurs pour construire, patiemment, les infrastructures et l\u2019industrie n\u00e9cessaires au d\u00e9veloppement du pays par un d\u00e9collage \u00e9conomique dans tous les domaines.<\/p>\n<p>Ci-apr\u00e8s le discours du ministre de la fonction publique et du travail.<\/p>\n<p>\u00ab Au nom d\u2019Allah, le Tout Mis\u00e9ricordieux, le Tr\u00e8s Mis\u00e9ricordieux.<\/p>\n<p>Que la paix et la b\u00e9n\u00e9diction soient sur notre proph\u00e8te Mohamed, sur sa famille et ses compagnons.<\/p>\n<p>Fr\u00e8res et s\u0153urs, honorables travailleurs de Mauritanie.<\/p>\n<p>A l\u2019occasion de la comm\u00e9moration de la F\u00eate du travail, je voudrais rendre hommage \u00e0 toutes les mains mauritaniennes qui s\u00e8ment l\u2019espoir, cr\u00e9ent une vie d\u00e9cente et construisent pour le pr\u00e9sent et l\u2019avenir, pour une Mauritanie moderne qui vit aujourd\u2019hui sa grande mutation, selon la vision \u00e9clair\u00e9e de Son Excellence le Pr\u00e9sident de la R\u00e9publique, Monsieur Mohamed Ould Cheikh El-Ghazouani, en s\u2019appuyant sur les efforts et les sacrifices des travailleurs pour construire son infrastructure et son industrie nationale favorisant ainsi un d\u00e9collage \u00e9conomique dans tous les domaines.<\/p>\n<p>Je vous assure, \u00e0 cette occasion, que la Nation regarde avec fiert\u00e9 et reconnaissance vos efforts fructueux, votre travail et votre production, car votre lutte est la v\u00e9ritable richesse du pays, son arme dans sa guerre contre la pauvret\u00e9 et le sous-d\u00e9veloppement, et son outil pour faire progresser l\u2019\u00e9conomie nationale.<\/p>\n<p>Je vous assure \u00e9galement de la volont\u00e9 de Son Excellence le Pr\u00e9sident de la R\u00e9publique de tout mettre en \u0153uvre pour acc\u00e9l\u00e9rer l\u2019\u00e9dification de la nation \u00e0 laquelle tout le monde aspire, avec, comme valeurs cardinales, l\u2019honneur, la dignit\u00e9, la fraternit\u00e9, le progr\u00e8s et le d\u00e9veloppement.<\/p>\n<p>La conviction ferme de Son Excellence le Pr\u00e9sident de la R\u00e9publique, Monsieur Mohamed Ould Cheikh El-Ghazouani, du r\u00f4le primordial de la classe ouvri\u00e8re dans l\u2019\u00e9dification des fondements d\u2019une soci\u00e9t\u00e9 solidaire et coh\u00e9sive a incit\u00e9 les gouvernements successifs \u00e0 \u0153uvrer \u00e0 l\u2019\u00e9l\u00e9vation du niveau \u00e9conomique et social de cette couche active de la population par la promotion des secteurs sociaux, l\u2019institutionnalisation du dialogue social, le d\u00e9veloppement de l\u2019arsenal l\u00e9gislatif et r\u00e9glementaire, la cons\u00e9cration du concept de travail d\u00e9cent, l\u2019am\u00e9lioration des conditions de travail, de la sant\u00e9 et de la s\u00e9curit\u00e9 au travail, l\u2019\u00e9largissement et le renforcement du syst\u00e8me de protection sociale.<\/p>\n<p>Sur la base de cette approche, le premier mandat de Son Excellence le Pr\u00e9sident de la R\u00e9publique a \u00e9t\u00e9 caract\u00e9ris\u00e9 par la r\u00e9alisation de nombreux acquis qualitatifs, notamment dans le domaine de l\u2019augmentation des revenus. Il s\u2019agit, \u00e0 titre d&#8217;exemples, de :<\/p>\n<p>&#8211; L\u2019augmentation du salaire minimum de 50%, qui constitue la plus importante de toutes les r\u00e9visions du smic au niveau national.<\/p>\n<p>&#8211; Une augmentation nette des salaires des employ\u00e9s civils et militaires de l\u2019Etat de 20 000 ouguiyas anciennes.<\/p>\n<p>&#8211; Une indemnit\u00e9 mensuelle d\u2019encadrement p\u00e9dagogique de 10 000 ouguiyas anciennes pour les enseignants et les directeurs d\u2019\u00e9cole, puis, pour les inspecteurs, les conseillers p\u00e9dagogiques et les attach\u00e9s d\u2019administration.<\/p>\n<p>&#8211; Une augmentation de l\u2019indemnit\u00e9 d\u2019\u00e9loignement de 150 % pour le personnel de l\u2019\u00e9ducation.<\/p>\n<p>&#8211; Une augmentation de 50 % de l\u2019indemnit\u00e9 de craie, dont le paiement passe \u00e0 12 mois au lieu de 9, et l\u2019extension de cette indemnit\u00e9 aux directeurs d\u2019\u00e9coles.<\/p>\n<p>&#8211; Le doublement de l\u2019indemnit\u00e9 d\u2019\u00e9quipement de 100 % pour atteindre 40 000 ouguiyas anciennes.<\/p>\n<p>&#8211; L\u2019augmentation de l\u2019allocation de travaux sp\u00e9ciaux de 10 000 ouguiyas anciennes pour les employ\u00e9s du secteur de l&#8217;\u00e9ducation.<\/p>\n<p>&#8211; Le doublement des salaires des travailleurs de la sant\u00e9.<\/p>\n<p>&#8211; L\u2019augmentation significative des salaires des professeurs de l\u2019enseignement sup\u00e9rieur.<\/p>\n<p>Dans le domaine de la protection sociale, on peut citer :<\/p>\n<p>&#8211; le doublement des pensions des retrait\u00e9s et l\u2019am\u00e9lioration des conditions de leur payement.<\/p>\n<p>&#8211; l\u2019am\u00e9lioration de l\u2019acc\u00e8s des veuves aux droits \u00e0 pension de leur mari.<\/p>\n<p>&#8211; l\u2019augmentation de 66 % des allocations familiales.<\/p>\n<p>&#8211; l\u2019augmentation du plafond des cotisations de s\u00e9curit\u00e9 sociale qui passent de 70 000 \u00e0 150 000 ouguiyas anciennes, ce qui a eu un impact positif sur les pensions et tous les autres droits li\u00e9s aux services fournis par le syst\u00e8me de s\u00e9curit\u00e9 sociale.<\/p>\n<p>&#8211; Les femmes qui travaillent b\u00e9n\u00e9ficient de leur salaire pendant le cong\u00e9 de maternit\u00e9, sans pr\u00e9judice de leur droit \u00e0 recevoir l\u2019allocation de maternit\u00e9.<\/p>\n<p>&#8211; Les femmes qui travaillent b\u00e9n\u00e9ficient de leur salaire pendant la p\u00e9riode de repli de deuil.<\/p>\n<p>&#8211; Permettre aux travailleurs victimes d\u2019accidents ou de maladies non professionnels de b\u00e9n\u00e9ficier de la moiti\u00e9 de leur salaire pendant six mois.<\/p>\n<p>Dans le domaine de la sant\u00e9 et de la s\u00e9curit\u00e9 au travail, plusieurs avanc\u00e9es ont \u00e9t\u00e9 r\u00e9alis\u00e9es, notamment :<\/p>\n<p>&#8211; la cr\u00e9ation d\u2019un comit\u00e9 consultatif aupr\u00e8s du ministre du travail charg\u00e9 de la sant\u00e9 et de la s\u00e9curit\u00e9 au travail, et de comit\u00e9s consultatifs dans les \u00e9tablissements de plus de 50 travailleurs.<\/p>\n<p>&#8211; D\u00e9velopper les services de l\u2019Office national de la m\u00e9decine du travail, renforcer ses capacit\u00e9s logistiques, ses ressources humaines, ses proc\u00e9dures organisationnelles et sa couverture sanitaire \u00e0 travers plusieurs centres de sant\u00e9 \u00e0 Zouerate, Tanit, Rosso et Chami, et acqu\u00e9rir une unit\u00e9 m\u00e9dicale mobile int\u00e9gr\u00e9e pour \u00e9tendre sa couverture en mati\u00e8re de surveillance et de traitement.<\/p>\n<p>Fr\u00e8res et s\u0153urs, travailleurs et travailleuses.<\/p>\n<p>Les mutations rapides auxquelles nous assistons aujourd\u2019hui dans les m\u00e9thodes de travail et les m\u00e9canismes de production nous ont amen\u00e9s \u00e0 nous concentrer sur la construction d\u2019une administration capable de gagner le pari du d\u00e9veloppement en s\u2019appuyant sur des cadres comp\u00e9tents et sur la formation continue pour \u00e9lever la qualit\u00e9 de la formation, d\u00e9velopper l\u2019expertise nationale et am\u00e9liorer les cadres r\u00e9glementaires qui leur sont applicables :<\/p>\n<p>&#8211; Le plus grand processus de recrutement dans la fonction publique dans l\u2019histoire du pays a \u00e9t\u00e9 r\u00e9alis\u00e9 durant le premier mandat de Son Excellence le Pr\u00e9sident de la R\u00e9publique, o\u00f9 le nombre de personnes engag\u00e9es a atteint 20 428, soit 47,5 % de l\u2019effectif total des employ\u00e9s.<\/p>\n<p>&#8211; Le recrutement permanent de 600 travailleurs portuaires et le financement du d\u00e9part volontaire des autres.<\/p>\n<p>&#8211; Lancement d\u2019un programme de formation continue entre 2021 et 2024 au profit de milliers de salari\u00e9s.<\/p>\n<p>&#8211; Transformation des inspections r\u00e9gionales du travail en d\u00e9l\u00e9gations du service public et du travail pour rapprocher le service du citoyen.<\/p>\n<p>Chers fr\u00e8res et s\u0153urs,<\/p>\n<p>Nous nous effor\u00e7ons constamment de faire en sorte que notre pays occupe la place qui lui revient dans le concert des nations et, \u00e0 cette fin, nous avons renforc\u00e9 nos partenariats internationaux par les moyens suivants :<\/p>\n<p>&#8211; En participant r\u00e9guli\u00e8rement aux sommets mondiaux des gouvernements.<\/p>\n<p>&#8211; En renfor\u00e7ant la coop\u00e9ration avec les organisations r\u00e9gionales et internationales du travail pour mettre en \u0153uvre les conventions du travail.<\/p>\n<p>Fr\u00e8res et s\u0153urs, honorables travailleurs de Mauritanie,<\/p>\n<p>Dans la continuit\u00e9 des efforts d\u00e9ploy\u00e9s au cours du premier mandat, Son Excellence le Pr\u00e9sident de la R\u00e9publique, Monsieur Mohamed Ould Cheikh El-Ghazouani, a engag\u00e9 le gouvernement de Son Excellence le Premier Ministre, Monsieur El Moctar Ould Djay, dans la voie de la justice et de la bonne gouvernance, de la lutte contre le favoritisme administratif et la corruption sous toutes ses formes. Et, malgr\u00e9 les d\u00e9fis \u00e9normes, des r\u00e9alisations importantes ont \u00e9t\u00e9 accomplies en faveur des travailleurs, notamment la poursuite de l\u2019am\u00e9lioration des indemnit\u00e9s de certaines cat\u00e9gories de salari\u00e9s par les mesures prises dont il faut citer :<\/p>\n<p>&#8211; La cr\u00e9ation d\u2019un fonds sp\u00e9cial pour le financement du programme de logement des instituteurs et professeurs, programme qui refl\u00e8te la place des enseignants dans le programme de Son Excellence le Pr\u00e9sident de la R\u00e9publique et son souci de leur assurer les conditions et la position qu\u2019ils m\u00e9ritent, tant sur le plan mat\u00e9riel que moral.<\/p>\n<p>&#8211; L\u2019introduction d\u2019une nouvelle indemnit\u00e9 pour les instituteurs de la sixi\u00e8me ann\u00e9e primaire d\u2019un montant de 20.000 anciennes ouguiyas.<\/p>\n<p>&#8211; L\u2019octroi d\u2019une indemnit\u00e9 de craie pour les enseignants contractuels d\u2019un montant de 60.000 ouguiyas anciennes.<\/p>\n<p>&#8211; L\u2019augmentation de la prime de rendement des personnels d\u2019encadrement des \u00e9coles normales de Nouakchott, Aioun et Akjoujt \u00e0 50.000 ouguiyas anciennes, \u00e0 l\u2019instar de leurs homologues de Ka\u00e9di et Kiffa.<\/p>\n<p>&#8211; Recrutement de 213 employ\u00e9s au cours des premiers mois de cette ann\u00e9e, et pr\u00e9paratifs en cours pour recruter 3.000 autres.<\/p>\n<p>&#8211; R\u00e9vision des textes r\u00e9glementant le travail de nuit pour les femmes afin de cr\u00e9er davantage d\u2019opportunit\u00e9s d\u2019emploi pour elles.<\/p>\n<p>&#8211; Alignement de l\u2019\u00e2ge minimum pour le travail des enfants sur les textes relatifs \u00e0 l\u2019\u00e2ge scolaire.<\/p>\n<p>Le soutien apport\u00e9 aux organisations syndicales a \u00e9t\u00e9 augment\u00e9 de 150% afin de renforcer les liens de confiance entre les parties au dialogue social pour leur permettre de renforcer leurs capacit\u00e9s de n\u00e9gociation.<\/p>\n<p>Dans le m\u00eame contexte, des forums publics sur la protection sociale seront organis\u00e9s, pour lesquels des pr\u00e9paratifs sont en cours \u00e0 travers le lancement de cinq \u00e9tudes, principalement li\u00e9es \u00e0 :<\/p>\n<p>&#8211; Une \u00e9tude sur la r\u00e9vision du salaire minimum, que Son Excellence le Pr\u00e9sident de la R\u00e9publique a oblig\u00e9 le gouvernement \u00e0 pr\u00e9parer dans les plus brefs d\u00e9lais pour les n\u00e9gociations collectives entre les parties afin d\u2019assurer l\u2019am\u00e9lioration continue des conditions de la main-d\u2019\u0153uvre nationale, et nous avons re\u00e7u le rapport pr\u00e9liminaire de cette \u00e9tude.<\/p>\n<p>&#8211; Une \u00e9tude actuarielle sur les pensions dans le secteur public qui permettra la r\u00e9vision du syst\u00e8me de fonds de pension pour les fonctionnaires et les militaires.<\/p>\n<p>&#8211; Une \u00e9tude visant \u00e0 moderniser le syst\u00e8me de s\u00e9curit\u00e9 sociale afin d\u2019\u00e9tendre et d\u2019am\u00e9liorer les services fournis aux b\u00e9n\u00e9ficiaires.<\/p>\n<p>&#8211; Une \u00e9tude pour diagnostiquer la r\u00e9alit\u00e9 de la sant\u00e9 et de la s\u00e9curit\u00e9 au travail afin de pr\u00e9parer une politique nationale pour am\u00e9liorer l\u2019environnement de travail, la sant\u00e9 des travailleurs et la comp\u00e9titivit\u00e9 de l\u2019\u00e9conomie nationale.<\/p>\n<p>&#8211; Une \u00e9tude visant \u00e0 mettre \u00e0 jour les donn\u00e9es sur la protection sociale afin d\u2019harmoniser et de soutenir les syst\u00e8mes de protection sociale.<\/p>\n<p>Nous lancerons \u00e9galement, en \u00e9troite collaboration avec l\u2019Organisation internationale du travail, un programme national de travail d\u00e9cent fond\u00e9 sur les principes et droits fondamentaux des travailleurs. Avec l\u2019aide d\u2019Allah, nous mettrons en \u0153uvre le Plan national pour l\u2019\u00e9limination du travail des enfants en mobilisant les partenaires techniques et financiers afin d\u2019allouer les ressources n\u00e9cessaires pour permettre \u00e0 nos enfants de rester \u00e0 l\u2019\u00e9cole qui est leur lieu naturel, loin des ateliers.<\/p>\n<p>Nous accorderons une grande importance au secteur informel, en \u0153uvrant \u00e0 sa transformation en \u00e9conomie structur\u00e9e, \u00e0 travers des partenariats avec le secteur priv\u00e9.<\/p>\n<p>Notre secteur pr\u00e9parera \u00e9galement un diagnostic global des ressources humaines qui permettra l\u2019\u00e9laboration d\u2019un programme strat\u00e9gique de renforcement des capacit\u00e9s des ressources humaines de l\u2019\u00c9tat en g\u00e9n\u00e9ral, dans le cadre d\u2019un plan national de renforcement des capacit\u00e9s des travailleurs, comprenant, entre autres, l\u2019\u00e9laboration et la mise en \u0153uvre d\u2019un programme pilote de formation initiale pour un \u00e9chantillon de 1 000 travailleurs dans un d\u00e9lai de 12 mois, ainsi qu\u2019une r\u00e9vision du cadre l\u00e9gislatif et r\u00e9glementaire de la formation continue.<\/p>\n<p>Un bureau d\u2019\u00e9tude national a \u00e9t\u00e9 engag\u00e9 pour identifier les besoins en formation du groupe cible du premier plan et pour pr\u00e9parer les termes de r\u00e9f\u00e9rence pour engager un expert international de haut niveau pour d\u00e9velopper un programme de formation continue \u00e0 long terme bas\u00e9 sur un diagnostic complet des ressources humaines.<\/p>\n<p>Non loin de l\u00e0, nous avons entam\u00e9 un processus de r\u00e9forme important et fondamental relatif \u00e0 la d\u00e9termination de la repr\u00e9sentation syndicale des travailleurs en application des textes pertinents et dans le but d\u2019identifier les organisations professionnelles qui ont le droit de n\u00e9gocier au nom des travailleurs et de signer des accords contraignants en leur nom. Ce processus fait l\u2019objet d\u2019une quasi-unanimit\u00e9 de la part des partenaires qui l\u2019ont adopt\u00e9 comme une revendication nationale urgente pour r\u00e9glementer le champ syndical. Les organisations syndicales qui n\u2019ont pas re\u00e7u de repr\u00e9sentation \u00e0 ce stade seront accompagn\u00e9es pour les professionnaliser et accro\u00eetre leurs capacit\u00e9s.<\/p>\n<p>Avant de conclure, nous rendons hommage \u00e0 nos travailleurs \u00e0 l\u2019\u00e9tranger, pour leur r\u00f4le d\u2019ambassadeurs de notre cher pays qui incarnent, par leurs valeurs et leurs comp\u00e9tences, l\u2019image lumineuse de la Mauritanie dans le monde, soulignant notre volont\u00e9 de les soutenir et de renforcer leur contribution au syst\u00e8me national, en veillant \u00e0 leur int\u00e9gration effective dans le processus de construction et de d\u00e9veloppement.<\/p>\n<p>Nous appr\u00e9cions au plus haut point le r\u00f4le de pionnier jou\u00e9 par la main-d\u2019\u0153uvre nationale dans l\u2019\u00e9dification des fondements de notre soci\u00e9t\u00e9, qui incarne les valeurs du travail, de la sinc\u00e9rit\u00e9 et du don de soi. Ils ont \u00e9t\u00e9 &#8211; et continuent d\u2019\u00eatre &#8211; le moteur du processus de d\u00e9veloppement et un pilier principal de l\u2019\u00e9difice national coh\u00e9sif.<\/p>\n<p>Nous saluons \u00e9galement l\u2019esprit patriotique \u00e9lev\u00e9 et les contributions constructives des organisations professionnelles d\u2019employeurs et de travailleurs dans la consolidation des valeurs de solidarit\u00e9 et le renforcement de la culture de concertation.<\/p>\n<p>A l\u2019aube d\u2019une nouvelle phase de la transformation soci\u00e9tale souhait\u00e9e, nous r\u00e9affirmons le ferme engagement du gouvernement \u00e0 suivre la voie trac\u00e9e par Son Excellence le Pr\u00e9sident de la R\u00e9publique, Monsieur Mohamed Ould Cheikh El-Ghazouani, et \u00e0 instaurer la confiance entre tous les acteurs politiques, \u00e9conomiques et sociaux et toutes les forces vives du pays, et nous comptons sur votre conscience et votre patriotisme pour continuer \u00e0 donner plus, afin qu\u2019ensemble nous r\u00e9alisions notre projet commun d\u2019\u00e9dification d\u2019une Mauritanie prosp\u00e8re et juste, r\u00e9concili\u00e9e avec les aspirations de son peuple.<\/p>\n<p>Avan\u00e7ons ensemble, en b\u00e2tisseurs, avec une d\u00e9termination sans faille et la ferme conviction que demain sera le fruit de notre d\u00e9vouement et de nos sacrifices.<\/p>\n<p>Dis : \u00ab \u0152uvrez donc ! Allah verra vos \u0153uvres, ainsi que Son Messager et les croyants ; et vous serez tous ramen\u00e9s vers Celui Qui Conna\u00eet aussi bien les choses insondables que les choses observables. Il vous renseignera alors sur tout ce que vous faisiez. \u00bb<\/p>\n<p>F\u00e9licitations \u00e0 vous, et f\u00e9licitations au pays pour vos r\u00e9alisations.<\/p>\n<p>Vive les travailleurs,<\/p>\n<p>Vive la Mauritanie,<\/p>\n<p>Que la paix d\u2019Allah et Sa b\u00e9n\u00e9diction soient sur notre proph\u00e8te Mohamed, sur sa famille ainsi que sur tous ses compagnons.<\/p>\n<\/div>\n<\/div>\n<\/div>\n","protected":false},"excerpt":{"rendered":"<p>Le ministre de la fonction publique et du travail, M. Mohamed Ould Soueidatt, a affirm\u00e9 que le gouvernement est d\u00e9termin\u00e9 \u00e0 construire un partenariat solide avec les partenaires sociaux. Ce Pacte social sera bas\u00e9 sur la concertation permanente, cherchant \u00e0 jeter les bases d\u2019un dialogue social r\u00e9gulier et institutionnalis\u00e9 pour am\u00e9liorer les conditions des travailleurs [&hellip;]<\/p>\n","protected":false},"author":8,"featured_media":270012,"comment_status":"open","ping_status":"open","sticky":false,"template":"","format":"standard","meta":{"footnotes":""},"categories":[63920,63957],"tags":[],"class_list":["post-270005","post","type-post","status-publish","format-standard","has-post-thumbnail","hentry","category-a-la-une","category-fil-dactualite"],"_links":{"self":[{"href":"https:\/\/ami.mr\/fr\/wp-json\/wp\/v2\/posts\/270005","targetHints":{"allow":["GET"]}}],"collection":[{"href":"https:\/\/ami.mr\/fr\/wp-json\/wp\/v2\/posts"}],"about":[{"href":"https:\/\/ami.mr\/fr\/wp-json\/wp\/v2\/types\/post"}],"author":[{"embeddable":true,"href":"https:\/\/ami.mr\/fr\/wp-json\/wp\/v2\/users\/8"}],"replies":[{"embeddable":true,"href":"https:\/\/ami.mr\/fr\/wp-json\/wp\/v2\/comments?post=270005"}],"version-history":[{"count":1,"href":"https:\/\/ami.mr\/fr\/wp-json\/wp\/v2\/posts\/270005\/revisions"}],"predecessor-version":[{"id":270007,"href":"https:\/\/ami.mr\/fr\/wp-json\/wp\/v2\/posts\/270005\/revisions\/270007"}],"wp:featuredmedia":[{"embeddable":true,"href":"https:\/\/ami.mr\/fr\/wp-json\/wp\/v2\/media\/270012"}],"wp:attachment":[{"href":"https:\/\/ami.mr\/fr\/wp-json\/wp\/v2\/media?parent=270005"}],"wp:term":[{"taxonomy":"category","embeddable":true,"href":"https:\/\/ami.mr\/fr\/wp-json\/wp\/v2\/categories?post=270005"},{"taxonomy":"post_tag","embeddable":true,"href":"https:\/\/ami.mr\/fr\/wp-json\/wp\/v2\/tags?post=270005"}],"curies":[{"name":"wp","href":"https:\/\/api.w.org\/{rel}","templated":true}]}}