{"id":269894,"date":"2025-04-29T19:22:49","date_gmt":"2025-04-29T19:22:49","guid":{"rendered":"https:\/\/ami.mr\/fr\/?p=269894"},"modified":"2025-04-29T19:22:49","modified_gmt":"2025-04-29T19:22:49","slug":"le-president-de-la-republique-supervise-la-ceremonie-de-remise-du-prix-du-president-de-la-republique-pour-les-sciences-2","status":"publish","type":"post","link":"https:\/\/ami.mr\/fr\/archives\/269894","title":{"rendered":"Le Pr\u00e9sident de la R\u00e9publique supervise la c\u00e9r\u00e9monie de remise du Prix du Pr\u00e9sident de la R\u00e9publique pour les sciences"},"content":{"rendered":"<div class=\"row\"><\/div>\n<div class=\"row\">\n<div class=\"cell auto-size\">\n<div class=\"set-border bd-gray padding10 margin10 no-margin-right no-margin-left \" dir=\"ltr\"><img decoding=\"async\" class=\"alignnone  wp-image-269895\" src=\"https:\/\/ami.mr\/fr\/wp-content\/uploads\/2025\/04\/29-04-2025-s0030-300x192.jpg\" alt=\"\" width=\"338\" height=\"216\" srcset=\"https:\/\/ami.mr\/fr\/wp-content\/uploads\/2025\/04\/29-04-2025-s0030-300x192.jpg 300w, https:\/\/ami.mr\/fr\/wp-content\/uploads\/2025\/04\/29-04-2025-s0030-768x492.jpg 768w, https:\/\/ami.mr\/fr\/wp-content\/uploads\/2025\/04\/29-04-2025-s0030.jpg 800w\" sizes=\"(max-width: 338px) 100vw, 338px\" \/><br \/>\nSon Excellence le Pr\u00e9sident de la R\u00e9publique, Monsieur Mohamed Ould Cheikh El Ghazouani, a supervis\u00e9, mardi, \u00e0 Nouakchott, la c\u00e9r\u00e9monie de remise du Prix du Pr\u00e9sident de la R\u00e9publique pour les Sciences aux laur\u00e9ats du concours national \u2018\u2019Olympiade et Rallye des Sciences\u2019\u2019.<\/p>\n<p>Son Excellence Monsieur le Pr\u00e9sident de la R\u00e9publique a remis le premier prix de la troisi\u00e8me ann\u00e9e du coll\u00e8ge du Rallye des Sciences \u00e0 l&#8217;\u00e9quipe de Nouakchott Ouest, re\u00e7u au nom de l&#8217;\u00e9quipe par l\u2019\u00e9l\u00e8ve Cheikh Abdallahi Ould Mohamed Abdeljelil, et le premier prix des cinqui\u00e8mes ann\u00e9es du lyc\u00e9e pour l&#8217;\u00e9quipe de l\u2019Assaba, re\u00e7u au nom de l&#8217;\u00e9quipe par l&#8217;\u00e9l\u00e8ve Fatimetou Mohamed Mohamed Brahim.<\/p>\n<p>Son Excellence a, \u00e9galement, remis le premier prix des sixi\u00e8mes ann\u00e9es du lyc\u00e9e \u00e0 l&#8217;\u00e9quipe de Nouakchott Ouest, re\u00e7ue au nom de l&#8217;\u00e9quipe par l\u2019\u00e9l\u00e8ve Nasser Allah Sidi Mohamed Tolba.<\/p>\n<p>Dans le cadre du Programme d\u2019excellence \u2013 Fraternit\u00e9 r\u00e9publicaine, con\u00e7u conform\u00e9ment aux directives de Son Excellence le Pr\u00e9sident de la R\u00e9publique, et dans lequel une attention particuli\u00e8re a \u00e9t\u00e9 accord\u00e9e aux familles du registre social dans le cadre du syst\u00e8me de stages, Son Excellence a remis le Prix d&#8217;excellence \u00e0 l&#8217;\u00e9tudiante Zeina Sabbar, qui a \u00e9t\u00e9 s\u00e9lectionn\u00e9e sur la base de sa moyenne \u00e9lev\u00e9e dans les mati\u00e8res scientifiques et sa bonne conduite.<\/p>\n<p>Pour les laur\u00e9ats de l\u2019Olympiade, Son Excellence Monsieur le Pr\u00e9sident de la R\u00e9publique a remis le Prix des quatri\u00e8mes Math\u00e9matiques \u00e0 l&#8217;\u00e9l\u00e8ve Mohamed Tareck Brahim Sidi Abdoullah, du lyc\u00e9e d&#8217;excellence N\u00b04 \u00e0 Tevragh &#8211; Zeina, Nouakchott ouest.<\/p>\n<p>Quant au Prix des septi\u00e8mes math\u00e9matiques, il a \u00e9t\u00e9 remis par Son Excellence \u00e0 Mohamed Lemine El Hassen, du Lyc\u00e9e d&#8217;Excellence n\u00b01, au Ksar, Nouakchott ouest.<\/p>\n<p>S\u2019agissant du Prix du parcours Physique Chimie des Septi\u00e8mes du lyc\u00e9e, il a \u00e9t\u00e9 remis \u00e0 Mohamed Abderrahmane Ebnou, \u00e9l\u00e8ve du lyc\u00e9e militaire \u00e0 Sebkha, Nouakchott ouest.<\/p>\n<p>Pour ce qui est du Prix Sciences Naturelles des septi\u00e8mes, il a \u00e9t\u00e9 d\u00e9cern\u00e9 \u00e0 Karima Sidi Ebnou, du Lyc\u00e9e d&#8217;Excellence n\u00b0 3, Dar Naim, Nouakchott nord.<\/p>\n<p>Quant au Premier ministre, il a remis le prix du deuxi\u00e8me niveau du Rallye, (niveau de la troisi\u00e8me ann\u00e9e du coll\u00e8ge) \u00e0 l&#8217;\u00e9quipe d&#8217;excellence de Nouadhibou, re\u00e7u par l&#8217;\u00e9l\u00e8ve Esmaa Abdelvettah, le prix du cinqui\u00e8me niveau du secondaire \u00e0 l&#8217;\u00e9quipe du Gorgol, re\u00e7u au nom de l&#8217;\u00e9quipe par Pedia Sall Khairy, et le prix du sixi\u00e8me niveau du secondaire \u00e0 l&#8217;\u00e9quipe de l\u2019Assaba, re\u00e7u au nom de l&#8217;\u00e9quipe par Mohamed Mahmoud Yahya Taleb.<\/p>\n<p>Monsieur le Premier ministre a, \u00e9galement, remis le Prix de l&#8217;Olympiade &#8211; Math\u00e9matiques (quatri\u00e8me niveau) \u00e0 Saleh Hassen Amar Jawda, du lyc\u00e9e militaire, et le Prix des Sciences naturelles (septi\u00e8me niveau) \u00e0 l&#8217;\u00e9l\u00e8ve Khalil Cheikh Tidjani Mohamed Saleh, du lyc\u00e9e l&#8217;Excellence no. 1, et le Prix physique &#8211; chimie (septi\u00e8me niveau) \u00e0 l&#8217;\u00e9l\u00e8ve Mohamed Sidi Mohamed Beida, du lyc\u00e9e d&#8217;Excellence no. 1.<\/p>\n<p>Il a, enfin, remis le Prix des math\u00e9matiques \u2013 septi\u00e8me ann\u00e9e des sciences \u00e0 l&#8217;\u00e9l\u00e8ve Zeinebou Yahya Ebnou.<\/p>\n<p>De son c\u00f4t\u00e9, la ministre de l&#8217;\u00c9ducation et de la R\u00e9forme du Syst\u00e8me \u00c9ducatif, Mme Houda Mint Babah, a remis le Prix du Rallye du troisi\u00e8me niveau du coll\u00e8ge, \u00e0 l&#8217;\u00e9quipe du Gorgol, re\u00e7u au nom de l&#8217;\u00e9quipe par Noureddine Outhman, le prix du cinqui\u00e8me niveau secondaire \u00e0 l&#8217;\u00e9quipe de Nouakchott Nord, re\u00e7u en son nom par Mohamed Abdou Mohamed Abdellahi, et le prix du sixi\u00e8me niveau secondaire \u00e0 l&#8217;\u00e9quipe de Tiris &#8211; Zemmour, re\u00e7u en son nom par l\u2019\u00e9l\u00e8ve Mohamed Mohamed Salem Tweir Jenna.<\/p>\n<p>Au niveau de l\u2019Olympiade, Mme la ministre a, \u00e9galement, attribu\u00e9 le Prix du troisi\u00e8me rang des math\u00e9matiques, niveau quatri\u00e8me du coll\u00e8ge \u00e0 l\u2019\u00e9l\u00e8ve Abdelbassit Abdellahi, le Prix des sciences naturelles, septi\u00e8me niveau \u00e0 l&#8217;\u00e9l\u00e8ve Moustapha B\u00e9chir, le Prix de physique &#8211; chimie, septi\u00e8me niveau \u00e0 l&#8217;\u00e9l\u00e8ve Sid\u2019Ahmed Ahmed Salem Douh, et le prix des math\u00e9matiques, septi\u00e8me niveau, \u00e0 l&#8217;\u00e9l\u00e8ve Mohamed Naji Moctar B\u2019loul.<\/p>\n<p>Dans une allocution prononc\u00e9e pour la circonstance, Mme la ministre de l&#8217;\u00c9ducation et de la R\u00e9forme du Syst\u00e8me \u00c9ducatif a indiqu\u00e9 que \u2018\u2019cette rencontre s&#8217;inscrit dans le cadre d&#8217;une saison \u00e9ducative riche en r\u00e9alisations, promettant davantage de r\u00e9ussites, concr\u00e9tisant l&#8217;engagement pris par Son Excellence le Pr\u00e9sident de la R\u00e9publique, Monsieur Mohamed Ould Cheikh El Ghazouani, depuis qu&#8217;il est arriv\u00e9 au pouvoir, de faire revivre les valeurs de l&#8217;\u00e9cole r\u00e9publicaine afin qu&#8217;elle puisse retrouver la place qui est la sienne, de restaurer son r\u00f4le dans la consolidation de l&#8217;esprit de citoyennet\u00e9, donnant \u00e0 tous les enfants des chances \u00e9gales de lib\u00e9rer leurs \u00e9nergies, de renforcer leurs capacit\u00e9s, et de pr\u00e9parer un avenir prosp\u00e8re\u2019\u2019, a \u2013 t \u2013 elle dit en substance.<\/p>\n<p>Elle a ajout\u00e9 que le d\u00e9partement a franchi des pas de g\u00e9ants sur le chemin de la r\u00e9forme, incarnant les valeurs de l&#8217;\u00e9cole r\u00e9publicaine \u00e0 travers la conception des programmes \u00e9ducatifs, la construction des classes, mais aussi et surtout, l\u2019am\u00e9lioration des conditions de vie de toutes les composantes du personnel \u00e9ducatif.<\/p>\n<p>Mint Babah a indiqu\u00e9 que cette r\u00e9forme a permis \u00e0 tous les citoyens du pays, o\u00f9 qu&#8217;ils se trouvent, de participer aux journ\u00e9es consultatives sur l&#8217;\u00e9ducation qui d\u00e9bouch\u00e9 sur un consensus la n\u00e9cessit\u00e9 d\u2019instaurer une \u00e9cole qui r\u00e9pond aux aspirations de tous les mauritaniens, d&#8217;o\u00f9 la promulgation de la loi d\u2019orientation portant sur la r\u00e9forme du syst\u00e8me \u00e9ducatif national.<\/p>\n<p>Elle a soulign\u00e9 qu&#8217;en application de \u2018\u2019cette loi pionni\u00e8re, inspir\u00e9e du programme \u2018\u2019Mon ambition pour la Patrie\u2019\u2019, les textes r\u00e9gissant le travail du d\u00e9partement de l\u2019\u00e9ducation ont \u00e9t\u00e9 publi\u00e9s, donnant lieu \u00e0 un nouvel organigramme et cr\u00e9ant une nouvelle dynamique aux fins d\u2019\u00e9largir l&#8217;offre \u00e9ducative, am\u00e9liorer la qualit\u00e9 de l&#8217;\u00e9ducation et rationaliser sa gouvernance, en vue d&#8217;assurer son d\u00e9veloppement, gr\u00e2ce \u00e0 une planification minutieuse, une mise en \u0153uvre sans faille, un suivi permanent et une \u00e9valuation stricte\u2019\u2019, a \u2013 t \u2013 elle pr\u00e9cis\u00e9.<\/p>\n<p>Mme la ministre a d\u00e9clar\u00e9 que \u2018\u2019le Prix du Pr\u00e9sident de la R\u00e9publique pour les sciences, attribu\u00e9 aujourd\u2019hui \u00e0 un groupe de nos vertueux filles et fils, a effectivement contribu\u00e9 \u00e0 d\u00e9velopper les int\u00e9r\u00eats scientifiques des \u00e9l\u00e8ves, \u00e0 aiguiser leur motivation, \u00e0 encourager une concurrence positive entre eux, les incitant \u00e0 aspirer \u00e0 des horizons plus larges dans les domaines de la connaissance, ce qui a permis \u00e0 nos enfants d&#8217;exceller dans des comp\u00e9titions internationales\u2019\u2019, pr\u00e9cise \u2013 t &#8211; elle.<\/p>\n<p>Elle a ajout\u00e9 que ces comp\u00e9titions constituent un terrain propice pour une comp\u00e9tition scientifique honn\u00eate, pour aiguiser le talent des plus dou\u00e9s et am\u00e9liorer leurs comp\u00e9tences, soulignant que tous les participants ont fait preuve d&#8217;une grande efficacit\u00e9 qui refl\u00e8te l&#8217;efficience de la r\u00e9forme \u00e9ducative et la noblesse de ses objectifs, saluant les efforts des enseignants et des inspecteurs qui ont aid\u00e9 les \u00e9tablissements scolaires, les autorit\u00e9s administratives et de s\u00e9curit\u00e9 qui ont accompagn\u00e9 les diff\u00e9rentes \u00e9tapes du concours, ainsi que le comit\u00e9 scientifique supervisant la pr\u00e9paration et la s\u00e9lection des sujets avec transparence et int\u00e9grit\u00e9, conform\u00e9ment aux normes internationales en la mati\u00e8re.<\/p>\n<p>Pour M. Brahim Abdelkader Lemrabott, porte-parole des laur\u00e9ats, les concours Rallye des math\u00e9matiques et des sciences sont devenues un terrain propice pour la comp\u00e9tition positive et le d\u00e9veloppement des talents, incitant des milliers d&#8217;\u00e9l\u00e8ves dans toutes nos Wilayas \u00e0 participer aux comp\u00e9titions, soulignant que ces comp\u00e9titions constituent un moyen efficace pour d\u00e9velopper l&#8217;esprit critique et la pens\u00e9e logique chez des g\u00e9n\u00e9rations d&#8217;\u00e9l\u00e8ves, ce qui est de nature \u00e0 am\u00e9liorer leurs comp\u00e9tences actuelles et futures \u00e0 r\u00e9soudre des probl\u00e8mes li\u00e9s aux diff\u00e9rents domaines de la vie scientifique, technologique, sociale et autre.<\/p>\n<p>Au nom des \u00e9l\u00e8ves laur\u00e9ats, il a exprim\u00e9 ses sinc\u00e8res remerciements et sa gratitude \u00e0 Son Excellence le Pr\u00e9sident de la R\u00e9publique pour l&#8217;attention qu&#8217;il porte \u00e0 la science en g\u00e9n\u00e9ral.<\/p>\n<p>Notons que ce prix, cr\u00e9\u00e9 en 2017 par un d\u00e9cret pris en Conseil des ministres, vise \u00e0 \u00e9lever le niveau de l&#8217;\u00e9ducation pour produire des jeunes cadres qualifi\u00e9s r\u00e9pondant aux besoins du march\u00e9 du travail, ce qui r\u00e9habilite le r\u00f4le du secteur et renforce ses contributions aux efforts de d\u00e9veloppement.<\/p>\n<p>La c\u00e9r\u00e9monie s&#8217;est d\u00e9roul\u00e9e en pr\u00e9sence du pr\u00e9sident de l&#8217;Assembl\u00e9e nationale, du chef de file de l\u2019institution de l&#8217;opposition d\u00e9mocratique, du ministre secr\u00e9taire g\u00e9n\u00e9ral de la pr\u00e9sidence de la R\u00e9publique, du ministre charg\u00e9 de cabinet du Pr\u00e9sident de la R\u00e9publique, du ministre conseiller \u00e0 la Pr\u00e9sidence de la R\u00e9publique, des membres du gouvernement, du wali de Nouakchott Ouest, des corps militaire et de s\u00e9curit\u00e9, du vice-pr\u00e9sident de la r\u00e9gion de Nouakchott, du hakem et du maire de Tevragh &#8211; Zeina, au c\u00f4t\u00e9 de plusieurs membres du corps diplomatique accr\u00e9dit\u00e9 en Mauritanie.<\/p>\n<\/div>\n<\/div>\n<\/div>\n","protected":false},"excerpt":{"rendered":"<p>Son Excellence le Pr\u00e9sident de la R\u00e9publique, Monsieur Mohamed Ould Cheikh El Ghazouani, a supervis\u00e9, mardi, \u00e0 Nouakchott, la c\u00e9r\u00e9monie de remise du Prix du Pr\u00e9sident de la R\u00e9publique pour les Sciences aux laur\u00e9ats du concours national \u2018\u2019Olympiade et Rallye des Sciences\u2019\u2019. Son Excellence Monsieur le Pr\u00e9sident de la R\u00e9publique a remis le premier prix [&hellip;]<\/p>\n","protected":false},"author":8,"featured_media":269896,"comment_status":"open","ping_status":"open","sticky":false,"template":"","format":"standard","meta":{"footnotes":""},"categories":[63957,25,63921,63926],"tags":[],"class_list":["post-269894","post","type-post","status-publish","format-standard","has-post-thumbnail","hentry","category-fil-dactualite","category-25","category-slider-afficher","category-slider-general"],"_links":{"self":[{"href":"https:\/\/ami.mr\/fr\/wp-json\/wp\/v2\/posts\/269894","targetHints":{"allow":["GET"]}}],"collection":[{"href":"https:\/\/ami.mr\/fr\/wp-json\/wp\/v2\/posts"}],"about":[{"href":"https:\/\/ami.mr\/fr\/wp-json\/wp\/v2\/types\/post"}],"author":[{"embeddable":true,"href":"https:\/\/ami.mr\/fr\/wp-json\/wp\/v2\/users\/8"}],"replies":[{"embeddable":true,"href":"https:\/\/ami.mr\/fr\/wp-json\/wp\/v2\/comments?post=269894"}],"version-history":[{"count":1,"href":"https:\/\/ami.mr\/fr\/wp-json\/wp\/v2\/posts\/269894\/revisions"}],"predecessor-version":[{"id":269897,"href":"https:\/\/ami.mr\/fr\/wp-json\/wp\/v2\/posts\/269894\/revisions\/269897"}],"wp:featuredmedia":[{"embeddable":true,"href":"https:\/\/ami.mr\/fr\/wp-json\/wp\/v2\/media\/269896"}],"wp:attachment":[{"href":"https:\/\/ami.mr\/fr\/wp-json\/wp\/v2\/media?parent=269894"}],"wp:term":[{"taxonomy":"category","embeddable":true,"href":"https:\/\/ami.mr\/fr\/wp-json\/wp\/v2\/categories?post=269894"},{"taxonomy":"post_tag","embeddable":true,"href":"https:\/\/ami.mr\/fr\/wp-json\/wp\/v2\/tags?post=269894"}],"curies":[{"name":"wp","href":"https:\/\/api.w.org\/{rel}","templated":true}]}}