{"id":269830,"date":"2025-04-28T21:03:40","date_gmt":"2025-04-28T21:03:40","guid":{"rendered":"https:\/\/ami.mr\/fr\/?p=269830"},"modified":"2025-04-28T21:03:40","modified_gmt":"2025-04-28T21:03:40","slug":"le-wali-du-gorgol-rencontre-les-autorites-administratives-et-securitaires-et-les-maires-des-communes","status":"publish","type":"post","link":"https:\/\/ami.mr\/fr\/archives\/269830","title":{"rendered":"Le wali du Gorgol rencontre les autorit\u00e9s administratives et s\u00e9curitaires et les maires des communes"},"content":{"rendered":"<div class=\"cell auto-size\">\n<div class=\"set-border bd-gray padding10 margin10 no-margin-right no-margin-left \" dir=\"ltr\">\n<p>Le wali du Gorgol, M. Mohamed Mokhtar Ould Abdi, a tenu, lundi, \u00e0 Ka\u00e9di, une r\u00e9union avec les autorit\u00e9s administratives et s\u00e9curitaires et les maires des communes pour les informer du contenu de la rencontre du Pr\u00e9sident de la R\u00e9publique et des ministres avec les walis.<\/p>\n<p>Au cours de la r\u00e9union, le wali a \u00e9voqu\u00e9 les diff\u00e9rents th\u00e8mes abord\u00e9s lors de ces rencontres, tels que l&#8217;importance de rapprocher l&#8217;administration des citoyens, le suivi de la mise en \u0153uvre des projets de d\u00e9veloppement, la lutte contre le ph\u00e9nom\u00e8ne de l&#8217;immigration clandestine, l&#8217;urbanisation anarchique, le crime organis\u00e9, la promotion de la d\u00e9centralisation et l&#8217;appui \u00e0 l&#8217;\u00e9cole r\u00e9publicaine.<\/p>\n<p>Il a pr\u00e9cis\u00e9 que cette r\u00e9union s&#8217;inscrit dans le cadre des concertations et les maires sur les directives pr\u00e9sidentielles \u00e9mises lors de la rencontre du Pr\u00e9sident de la R\u00e9publique avec les walis.<\/p>\n<p>Il a pr\u00e9cis\u00e9 que ces r\u00e9unions ont permis de mettre l&#8217;accent sur l&#8217;importance de l&#8217;\u00e9cole r\u00e9publicaine et d&#8217;\u0153uvrer \u00e0 la r\u00e9ussite de son projet, l&#8217;\u00e9limination de l&#8217;\u00e9valuation al\u00e9atoire qui est devenue un ph\u00e9nom\u00e8ne qui nuit au d\u00e9veloppement local au niveau national, outre la lutte contre le ph\u00e9nom\u00e8ne de l&#8217;immigration clandestine et de la drogue et l&#8217;action visant \u00e0 stabiliser les prix dans les moughataas de la wilaya afin de permettre aux citoyens d&#8217;acc\u00e9der aux produits de base \u00e0 des prix qui sont \u00e0 leur port\u00e9e.<\/p>\n<p>Le wali a soulign\u00e9 que les programmes de d\u00e9veloppement des wilayas qui seront lanc\u00e9s dans un proche avenir seront suivis par des comit\u00e9s locaux, qui comprendront des autorit\u00e9s administratives et des \u00e9lus, soulignant que le lancement de ces programmes pousse les autorit\u00e9s \u00e0 assumer une grande responsabilit\u00e9, d&#8217;autant plus que le citoyen attend beaucoup d&#8217;elles.<\/p>\n<p>Il a insist\u00e9 sur la n\u00e9cessit\u00e9 de rapprocher l&#8217;administration des citoyens en adoptant une politique de portes ouvertes et en leur fournissant des services publics de mani\u00e8re responsable.<\/p>\n<p>Il a \u00e9galement appel\u00e9 les maires \u00e0 rester dans leurs communes et \u00e0 communiquer les probl\u00e8mes des citoyens en temps opportun aux autorit\u00e9s concern\u00e9es.<\/p>\n<p>Le wali a appel\u00e9 \u00e0 la n\u00e9cessit\u00e9 de pr\u00e9server l&#8217;esprit d&#8217;\u00e9quipe \u00e0 travers la coordination et la bonne gestion des int\u00e9r\u00eats pour servir l&#8217;int\u00e9r\u00eat g\u00e9n\u00e9ral, conform\u00e9ment aux hautes instructions de Son Excellence le Pr\u00e9sident de la R\u00e9publique, M. Mohamed Ould Cheikh El Ghazouani.<\/p>\n<p>La r\u00e9union s&#8217;est tenue en pr\u00e9sence du directeur de cabinet du wali du Gorgol, des conseillers, des hakems, du chef d&#8217;arrondissement de Tifund\u00e9 Civ\u00e9, des maires des communes et des autorit\u00e9s s\u00e9curitaires de la wilaya.<\/p>\n<\/div>\n<\/div>\n","protected":false},"excerpt":{"rendered":"<p>Le wali du Gorgol, M. Mohamed Mokhtar Ould Abdi, a tenu, lundi, \u00e0 Ka\u00e9di, une r\u00e9union avec les autorit\u00e9s administratives et s\u00e9curitaires et les maires des communes pour les informer du contenu de la rencontre du Pr\u00e9sident de la R\u00e9publique et des ministres avec les walis. Au cours de la r\u00e9union, le wali a \u00e9voqu\u00e9 [&hellip;]<\/p>\n","protected":false},"author":16,"featured_media":269831,"comment_status":"open","ping_status":"open","sticky":false,"template":"","format":"standard","meta":{"footnotes":""},"categories":[63918,63957,8672],"tags":[],"class_list":["post-269830","post","type-post","status-publish","format-standard","has-post-thumbnail","hentry","category-autres","category-fil-dactualite","category-8672"],"_links":{"self":[{"href":"https:\/\/ami.mr\/fr\/wp-json\/wp\/v2\/posts\/269830","targetHints":{"allow":["GET"]}}],"collection":[{"href":"https:\/\/ami.mr\/fr\/wp-json\/wp\/v2\/posts"}],"about":[{"href":"https:\/\/ami.mr\/fr\/wp-json\/wp\/v2\/types\/post"}],"author":[{"embeddable":true,"href":"https:\/\/ami.mr\/fr\/wp-json\/wp\/v2\/users\/16"}],"replies":[{"embeddable":true,"href":"https:\/\/ami.mr\/fr\/wp-json\/wp\/v2\/comments?post=269830"}],"version-history":[{"count":1,"href":"https:\/\/ami.mr\/fr\/wp-json\/wp\/v2\/posts\/269830\/revisions"}],"predecessor-version":[{"id":269832,"href":"https:\/\/ami.mr\/fr\/wp-json\/wp\/v2\/posts\/269830\/revisions\/269832"}],"wp:featuredmedia":[{"embeddable":true,"href":"https:\/\/ami.mr\/fr\/wp-json\/wp\/v2\/media\/269831"}],"wp:attachment":[{"href":"https:\/\/ami.mr\/fr\/wp-json\/wp\/v2\/media?parent=269830"}],"wp:term":[{"taxonomy":"category","embeddable":true,"href":"https:\/\/ami.mr\/fr\/wp-json\/wp\/v2\/categories?post=269830"},{"taxonomy":"post_tag","embeddable":true,"href":"https:\/\/ami.mr\/fr\/wp-json\/wp\/v2\/tags?post=269830"}],"curies":[{"name":"wp","href":"https:\/\/api.w.org\/{rel}","templated":true}]}}