{"id":269796,"date":"2025-04-28T18:45:22","date_gmt":"2025-04-28T18:45:22","guid":{"rendered":"https:\/\/ami.mr\/fr\/?p=269796"},"modified":"2025-04-28T18:45:22","modified_gmt":"2025-04-28T18:45:22","slug":"lassemblee-nationale-approuve-un-projet-de-loi-portant-statut-des-douanes","status":"publish","type":"post","link":"https:\/\/ami.mr\/fr\/archives\/269796","title":{"rendered":"L&#8217;Assembl\u00e9e nationale approuve un projet de loi portant statut des douanes"},"content":{"rendered":"<div class=\"cell auto-size\">\n<div class=\"set-border bd-gray padding10 margin10 no-margin-right no-margin-left \" dir=\"ltr\">\n<p>L&#8217;Assembl\u00e9e nationale a ratifi\u00e9, lundi, au cours d&#8217;une s\u00e9ance publique tenue sous la pr\u00e9sidence de M. Ahmadou Mohamed Mahfoudh Mbala, deuxi\u00e8me vice-pr\u00e9sident de l&#8217;Assembl\u00e9e, un projet de loi portant statut des douanes.<\/p>\n<p>Dans sa pr\u00e9sentation, le ministre de l\u2019\u00c9conomie et des Finances, M. Sid&#8217;Ahmed Bouh, a expliqu\u00e9 que le projet de loi vise \u00e0 instaurer un r\u00e9gime sp\u00e9cial de gestion du personnel des douanes, conform\u00e9ment aux r\u00e8glements et lois r\u00e9gissant les services similaires de s\u00e9curit\u00e9 nationale et paramilitaires, suite \u00e0 la r\u00e9cente s\u00e9paration du secteur de la fonction publique par l&#8217;amendement de l&#8217;article 2 de la loi portant statut des fonctionnaires et agents contractuels de l&#8217;Etat.<\/p>\n<p>Il a ajout\u00e9 que cette r\u00e9forme vient en reconnaissance du r\u00f4le vital et multiforme de la douane, qui joue un r\u00f4le \u00e9conomique crucial dans la collecte des recettes de l&#8217;Etat et des exportations, le contr\u00f4le des mouvements du commerce ext\u00e9rieur, en plus de son double r\u00f4le pr\u00e9ventif de protection des int\u00e9r\u00eats financiers et \u00e9conomiques nationaux d&#8217;une part, et de maintien de la s\u00e9curit\u00e9 par la lutte contre le trafic de drogue et d&#8217;armes et la gestion des crises, d&#8217;autre part.<\/p>\n<p>Il a soulign\u00e9 que le projet de loi constitue un saut qualitatif en termes de d\u00e9finition d&#8217;un parcours professionnel motivant, clair et transparent pour le personnel douanier, du recrutement \u00e0 la retraite, ainsi que de r\u00e9am\u00e9nagement et d&#8217;organisation des cadres et de comblement des lacunes observ\u00e9es dans les lois et r\u00e8glements ant\u00e9rieurs.<\/p>\n<p>Il a soulign\u00e9 que le projet de loi permettra une progression de carri\u00e8re harmonieuse qui garantit les droits et organise les cadres pour permettre un parcours de carri\u00e8re clair et motivant, avec des crit\u00e8res de recrutement pr\u00e9cis, ainsi qu&#8217;une formation continue pour les membres du secteur.<\/p>\n<p>Le projet de loi assure la compatibilit\u00e9 des grades administratifs avec les grades militaires visibles et n\u00e9cessaires pour la nature des t\u00e2ches, en plus de renforcer le devoir de discipline professionnelle et d&#8217;ob\u00e9issance aux ordres des sup\u00e9rieurs.<\/p>\n<p>Le ministre de l&#8217;\u00e9conomie et des finances a pass\u00e9 en revue certains des ajouts apport\u00e9s par le nouveau statut, tels que l&#8217;unification des carri\u00e8res administratives et militaires, la stipulation de certaines des t\u00e2ches sp\u00e9cifi\u00e9es dans le code des douanes, la r\u00e9organisation des grades et des cycles selon les principes de normativit\u00e9 et d&#8217;objectivit\u00e9, la cr\u00e9ation de nouveaux grades et la suppression d&#8217;autres.<\/p>\n<p>Il a ajout\u00e9 qu&#8217;un cadre d&#8217;inspecteurs centraux a \u00e9t\u00e9 cr\u00e9\u00e9, dont l&#8217;acc\u00e8s est limit\u00e9 au concours professionnel et \u00e0 l&#8217;obligation de suivre des cours de formation pour postuler \u00e0 des grades sup\u00e9rieurs, tandis que les grades militaires actuels conservent leurs grades et les privil\u00e8ges garantis par la loi, et sont class\u00e9s dans leurs nouveaux grades \u00e0 compter de la date de publication de cette loi.<\/p>\n<p>Dans leurs interventions, les d\u00e9put\u00e9s ont soulign\u00e9 l&#8217;importance du projet de loi pour renforcer l&#8217;ind\u00e9pendance du secteur des douanes et l&#8217;\u00e9quit\u00e9 des comp\u00e9tences qui y travaillent, appelant \u00e0 accorder plus d&#8217;attention au parcours de carri\u00e8re des douaniers et \u00e0 leur permettre d&#8217;\u00eatre promus par le biais de concours internes, afin d&#8217;am\u00e9liorer l&#8217;efficacit\u00e9 des performances et de d\u00e9velopper l&#8217;expertise, ainsi que de d\u00e9velopper les moyens utilis\u00e9s pour refl\u00e9ter le prestige de l&#8217;\u00c9tat.<\/p>\n<p>Ils ont soulign\u00e9 la n\u00e9cessit\u00e9 de prendre les mesures n\u00e9cessaires en faveur des membres de ce secteur pour les immuniser contre les tentations financi\u00e8res dans l&#8217;exercice de leurs fonctions, en insistant sur la n\u00e9cessit\u00e9 de cr\u00e9er des conseils permanents de discipline et de transparence.<\/p>\n<\/div>\n<\/div>\n","protected":false},"excerpt":{"rendered":"<p>L&#8217;Assembl\u00e9e nationale a ratifi\u00e9, lundi, au cours d&#8217;une s\u00e9ance publique tenue sous la pr\u00e9sidence de M. Ahmadou Mohamed Mahfoudh Mbala, deuxi\u00e8me vice-pr\u00e9sident de l&#8217;Assembl\u00e9e, un projet de loi portant statut des douanes. Dans sa pr\u00e9sentation, le ministre de l\u2019\u00c9conomie et des Finances, M. Sid&#8217;Ahmed Bouh, a expliqu\u00e9 que le projet de loi vise \u00e0 instaurer [&hellip;]<\/p>\n","protected":false},"author":16,"featured_media":269797,"comment_status":"open","ping_status":"open","sticky":false,"template":"","format":"standard","meta":{"footnotes":""},"categories":[63957,63959,63921,63927],"tags":[],"class_list":["post-269796","post","type-post","status-publish","format-standard","has-post-thumbnail","hentry","category-fil-dactualite","category-mauritanie","category-slider-afficher","category-slider-mauritanie"],"_links":{"self":[{"href":"https:\/\/ami.mr\/fr\/wp-json\/wp\/v2\/posts\/269796","targetHints":{"allow":["GET"]}}],"collection":[{"href":"https:\/\/ami.mr\/fr\/wp-json\/wp\/v2\/posts"}],"about":[{"href":"https:\/\/ami.mr\/fr\/wp-json\/wp\/v2\/types\/post"}],"author":[{"embeddable":true,"href":"https:\/\/ami.mr\/fr\/wp-json\/wp\/v2\/users\/16"}],"replies":[{"embeddable":true,"href":"https:\/\/ami.mr\/fr\/wp-json\/wp\/v2\/comments?post=269796"}],"version-history":[{"count":1,"href":"https:\/\/ami.mr\/fr\/wp-json\/wp\/v2\/posts\/269796\/revisions"}],"predecessor-version":[{"id":269798,"href":"https:\/\/ami.mr\/fr\/wp-json\/wp\/v2\/posts\/269796\/revisions\/269798"}],"wp:featuredmedia":[{"embeddable":true,"href":"https:\/\/ami.mr\/fr\/wp-json\/wp\/v2\/media\/269797"}],"wp:attachment":[{"href":"https:\/\/ami.mr\/fr\/wp-json\/wp\/v2\/media?parent=269796"}],"wp:term":[{"taxonomy":"category","embeddable":true,"href":"https:\/\/ami.mr\/fr\/wp-json\/wp\/v2\/categories?post=269796"},{"taxonomy":"post_tag","embeddable":true,"href":"https:\/\/ami.mr\/fr\/wp-json\/wp\/v2\/tags?post=269796"}],"curies":[{"name":"wp","href":"https:\/\/api.w.org\/{rel}","templated":true}]}}