{"id":269773,"date":"2025-04-28T15:55:05","date_gmt":"2025-04-28T15:55:05","guid":{"rendered":"https:\/\/ami.mr\/fr\/?p=269773"},"modified":"2025-04-28T15:55:05","modified_gmt":"2025-04-28T15:55:05","slug":"formation-de-magistrats-sur-le-contenu-des-conventions-internationales-des-droits-de-lhomme","status":"publish","type":"post","link":"https:\/\/ami.mr\/fr\/archives\/269773","title":{"rendered":"Formation de magistrats sur le contenu des conventions internationales des droits de l&#8217;homme"},"content":{"rendered":"<p>Le ministre de la Justice, M. Mohamed Mahmoud Cheikh Abdoullah Ben Boya, a supervis\u00e9, lundi \u00e0 Nouakchott, le lancement d&#8217;une session de formation autour de l&#8217;am\u00e9lioration de l&#8217;efficacit\u00e9 judiciaire \u00e0 travers la compr\u00e9hension des conventions internationales des droits de l&#8217;homme et l&#8217;application de la justice p\u00e9nale.<\/p>\n<p>Cette session, organis\u00e9e par la Commission nationale des Droits de l&#8217;Homme, en coop\u00e9ration avec le r\u00e9seau arabe des institutions nationales des droits de l&#8217;homme, vise \u00e0 approfondir l&#8217;expertise des juges et \u00e0 renforcer leurs comp\u00e9tences, cr\u00e9ant un espace d&#8217;\u00e9change d&#8217;exp\u00e9riences et de bonnes pratiques dans le domaine des droits de l&#8217;homme.<\/p>\n<p>La formation sera l&#8217;occasion de souligner le r\u00f4le du pouvoir judiciaire dans la recherche d&#8217;un \u00e9quilibre entre l&#8217;application de la loi et le respect des droits fondamentaux, am\u00e9liorant la compr\u00e9hension des juges des conventions internationales relatives aux droits de l&#8217;homme et leur application par les juridictions nationales.<\/p>\n<p><img decoding=\"async\" class=\" wp-image-269775 alignleft\" src=\"https:\/\/ami.mr\/fr\/wp-content\/uploads\/2025\/04\/IMG_0128-264x300.jpg\" alt=\"\" width=\"174\" height=\"198\" srcset=\"https:\/\/ami.mr\/fr\/wp-content\/uploads\/2025\/04\/IMG_0128-264x300.jpg 264w, https:\/\/ami.mr\/fr\/wp-content\/uploads\/2025\/04\/IMG_0128-768x874.jpg 768w, https:\/\/ami.mr\/fr\/wp-content\/uploads\/2025\/04\/IMG_0128.jpg 800w\" sizes=\"(max-width: 174px) 100vw, 174px\" \/>Dans une allocution prononc\u00e9e \u00e0 cette occasion, <span style=\"color: #0000ff;\">le ministre de la Justice<\/span> a indiqu\u00e9 que \u2018\u2019la question des droits de l&#8217;homme dans notre pays rev\u00eat une importance particuli\u00e8re, compte tenu de la place qu\u2019elle occupe dans la constitution, qui consacre les principes fondamentaux des droits de l&#8217;Homme, tels que l&#8217;\u00e9galit\u00e9, la garantie des libert\u00e9s fondamentales, ainsi que la pr\u00e9vention et la criminalisation de l&#8217;esclavage, de la torture et de toutes les formes de traitements inhumains\u2019\u2019, a \u2013 t \u2013 il dit.<\/p>\n<p>Il ajout\u00e9 que &#8221;la ratification par notre pays et son adh\u00e9sion \u00e0 tous les conventions et instruments internationaux relatifs \u00e0 la protection des droits de l&#8217;Homme montre qu&#8217;il fait de la promotion des droits de l&#8217;Homme la pierre angulaire des politiques publiques du gouvernement, qui met en \u0153uvre le contenu du programme de Son Excellence le Pr\u00e9sident de la R\u00e9publique, Monsieur Mohamed Ould Cheikh El Ghazouani, \u2018\u2019mon ambition pour la patrie\u2019\u2019, pr\u00e9cise \u2013 t -il.<\/p>\n<p>\u2018\u2019La promotion des droits de l&#8217;homme est intrins\u00e8quement li\u00e9e \u00e0 la r\u00e9forme et au d\u00e9veloppement du syst\u00e8me judiciaire, ce qui fait du pouvoir judiciaire le garant des droits et libert\u00e9s\u2019\u2019, ajoute \u2013 t -il, rappelant que des efforts sont actuellement en cours pour mettre en \u0153uvre une r\u00e9forme judiciaire ambitieuse assez \u00e9largie, appliquant la Charte nationale pour la r\u00e9forme et le d\u00e9veloppement de la justice, publi\u00e9e \u00e0 l\u2019issue des forums publics pour la justice organis\u00e9s par le minist\u00e8re de la Justice en janvier 2023.<\/p>\n<p>De son c\u00f4t\u00e9, le pr\u00e9sident de la Commission nationale des Droits de l&#8217;Homme, M. Ahmed Salem Ould Bouhoubeini, a indiqu\u00e9 que \u2018\u2019cette session de formation refl\u00e8te la volont\u00e9 commune de consolider l&#8217;\u00c9tat de droit et de renforcer la protection des droits de l&#8217;Homme dans notre pays, en fournissant aux acteurs judiciaires les outils n\u00e9cessaires pour mieux int\u00e9grer les normes internationales dans la pratique judiciaire\u2019\u2019, d\u00e9clare \u2013 t &#8211; il.<\/p>\n<p>Il a ajout\u00e9 que le juge, en tant que garant des libert\u00e9s fondamentales, occupe une position centrale dans l&#8217;\u00e9dification du syst\u00e8me des droits de l&#8217;homme, soulignant que cette responsabilit\u00e9 exige une connaissance approfondie des obligations internationales de notre pays et une capacit\u00e9 r\u00e9elle \u00e0 les appliquer dans le cadre des proc\u00e9dures p\u00e9nales.<\/p>\n<p>Ould Bouhoubeini a affirm\u00e9 que \u2018\u2019l&#8217;atelier est organis\u00e9 dans un contexte national et international marqu\u00e9 par de fortes aspirations au respect des droits de l&#8217;homme, autrement dit, le juge est invit\u00e9 \u00e0 combiner rigueur juridique et sens de l&#8217;humanit\u00e9 dans les affaires dont il est saisi.<\/p>\n<p>Auparavant, le secr\u00e9taire g\u00e9n\u00e9ral du r\u00e9seau arabe des institutions nationales des droits de l&#8217;homme, M. Sultan ben Hassen Jamali, avait indiqu\u00e9 que \u2018\u2019la coop\u00e9ration entre le r\u00e9seau et la Commission nationale des Droits de l&#8217;Homme t\u00e9moignait de la volont\u00e9 des deux parties de renforcer les capacit\u00e9s des parties prenantes nationales, contribuant ainsi \u00e0 la mise en place des outils n\u00e9cessaires pour relever les d\u00e9fis auxquels sont confront\u00e9s les syst\u00e8mes judiciaires, tout en assurant la protection des droits de l&#8217;homme.<\/p>\n<p>La session sera surtout ax\u00e9e sur l&#8217;\u00e9change de connaissances et d&#8217;exp\u00e9riences en examinant des questions pratiques et des cas qui aideront \u00e0 passer de la th\u00e9orie \u00e0 la pratique, mettant l\u2019accent sur le r\u00f4le cl\u00e9 des institutions nationales des droits de l&#8217;homme en tant qu\u2019auxiliaires du pouvoir judiciaire, prodiguant les conseils et renfor\u00e7ant les m\u00e9canismes de surveillance de la justice.<\/p>\n<p>Le d\u00e9marrage de la session s\u2019est d\u00e9roul\u00e9e en pr\u00e9sence du pr\u00e9sident du m\u00e9canisme national de lutte contre la torture, du procureur g\u00e9n\u00e9ral de la Cour supr\u00eame, de la pr\u00e9sidente de l&#8217;Observatoire national des droits de la femme et de la fille, du secr\u00e9taire g\u00e9n\u00e9ral de la Commission nationale des droits de l&#8217;homme, des membres de la Commission, des repr\u00e9sentants de l&#8217;Union europ\u00e9enne et du syst\u00e8me des Nations Unies en Mauritanie, du conseiller juridique du r\u00e9seau arabe des institutions nationales, au c\u00f4t\u00e9 de plusieurs fonctionnaires du d\u00e9partement de la Justice.<\/p>\n","protected":false},"excerpt":{"rendered":"<p>Le ministre de la Justice, M. Mohamed Mahmoud Cheikh Abdoullah Ben Boya, a supervis\u00e9, lundi \u00e0 Nouakchott, le lancement d&#8217;une session de formation autour de l&#8217;am\u00e9lioration de l&#8217;efficacit\u00e9 judiciaire \u00e0 travers la compr\u00e9hension des conventions internationales des droits de l&#8217;homme et l&#8217;application de la justice p\u00e9nale. Cette session, organis\u00e9e par la Commission nationale des Droits [&hellip;]<\/p>\n","protected":false},"author":2,"featured_media":269774,"comment_status":"open","ping_status":"open","sticky":false,"template":"","format":"standard","meta":{"footnotes":""},"categories":[63920,63919,63957,63959,63927],"tags":[],"class_list":["post-269773","post","type-post","status-publish","format-standard","has-post-thumbnail","hentry","category-a-la-une","category-choix-du-redacteur","category-fil-dactualite","category-mauritanie","category-slider-mauritanie"],"_links":{"self":[{"href":"https:\/\/ami.mr\/fr\/wp-json\/wp\/v2\/posts\/269773","targetHints":{"allow":["GET"]}}],"collection":[{"href":"https:\/\/ami.mr\/fr\/wp-json\/wp\/v2\/posts"}],"about":[{"href":"https:\/\/ami.mr\/fr\/wp-json\/wp\/v2\/types\/post"}],"author":[{"embeddable":true,"href":"https:\/\/ami.mr\/fr\/wp-json\/wp\/v2\/users\/2"}],"replies":[{"embeddable":true,"href":"https:\/\/ami.mr\/fr\/wp-json\/wp\/v2\/comments?post=269773"}],"version-history":[{"count":1,"href":"https:\/\/ami.mr\/fr\/wp-json\/wp\/v2\/posts\/269773\/revisions"}],"predecessor-version":[{"id":269776,"href":"https:\/\/ami.mr\/fr\/wp-json\/wp\/v2\/posts\/269773\/revisions\/269776"}],"wp:featuredmedia":[{"embeddable":true,"href":"https:\/\/ami.mr\/fr\/wp-json\/wp\/v2\/media\/269774"}],"wp:attachment":[{"href":"https:\/\/ami.mr\/fr\/wp-json\/wp\/v2\/media?parent=269773"}],"wp:term":[{"taxonomy":"category","embeddable":true,"href":"https:\/\/ami.mr\/fr\/wp-json\/wp\/v2\/categories?post=269773"},{"taxonomy":"post_tag","embeddable":true,"href":"https:\/\/ami.mr\/fr\/wp-json\/wp\/v2\/tags?post=269773"}],"curies":[{"name":"wp","href":"https:\/\/api.w.org\/{rel}","templated":true}]}}