{"id":269769,"date":"2025-04-28T15:06:41","date_gmt":"2025-04-28T15:06:41","guid":{"rendered":"https:\/\/ami.mr\/fr\/?p=269769"},"modified":"2025-04-28T15:06:41","modified_gmt":"2025-04-28T15:06:41","slug":"lancement-dun-atelier-sur-les-indicateurs-precoces-de-lextremisme","status":"publish","type":"post","link":"https:\/\/ami.mr\/fr\/archives\/269769","title":{"rendered":"Lancement d\u2019un atelier sur les indicateurs pr\u00e9coces de l&#8217;extr\u00e9misme"},"content":{"rendered":"<p>D\u00e9marrage, lundi \u00e0 Nouakchott, d\u2019un atelier sur les indicateurs pr\u00e9coces de l&#8217;extr\u00e9misme et la lutte contre les discours radicaux et haineux, organis\u00e9 par le minist\u00e8re de la Justice, en coop\u00e9ration avec l&#8217;Office des Nations Unies pour la lutte contre le crime organis\u00e9 et la drogue.<\/p>\n<p>Au cours de cet atelier, de trois jours, les participants assisteront \u00e0 des pr\u00e9sentations sur l&#8217;extr\u00e9misme et la lutte contre le radicalisme et la haine, pr\u00e9sent\u00e9es par des experts et des sp\u00e9cialistes du domaine.<\/p>\n<p>Dans une allocution prononc\u00e9e \u00e0 cette occasion, le secr\u00e9taire g\u00e9n\u00e9ral du minist\u00e8re de la Justice, M. Mohamed Ould Ahmed Aidda, a soulign\u00e9 que \u2018\u2019l&#8217;atelier s&#8217;inscrit dans le cadre des efforts nationaux visant \u00e0 renforcer la pr\u00e9paration des forces arm\u00e9es et de s\u00e9curit\u00e9 \u00e0 faire face aux d\u00e9fis li\u00e9s \u00e0 l&#8217;extr\u00e9misme violent et aux discours de haine, incarnant la vision de Son Excellence le Pr\u00e9sident de la R\u00e9publique, Monsieur Mohamed Ould Cheikh El Ghazouani, exprim\u00e9e dans son programme \u2018\u2019mon ambition pour la patrie\u2019\u2019, a \u2013 t \u2013 il dit.<\/p>\n<p>Il a ajout\u00e9 que \u2018\u2019le gouvernement du Premier ministre, Monsieur Moctar Djay, met en \u0153uvre de ce programme \u00e0 travers une s\u00e9rie de r\u00e9formes fondamentales et de mesures, tels que le soutien au syst\u00e8me de s\u00e9curit\u00e9, le renforcement de la justice et la promotion du d\u00e9veloppement local, suivant une approche globale int\u00e9grant les dimensions s\u00e9curitaire, sociale et \u00e9conomique dans une vision nationale ambitieuse, la consolidation de la s\u00e9curit\u00e9, l&#8217;\u00e9tablissement de l&#8217;\u00c9tat de droit et la r\u00e9alisation d&#8217;un d\u00e9veloppement \u00e9quilibr\u00e9, les piliers fondamentaux d&#8217;un projet national inclusif\u2019\u2019, a \u2013 t \u2013 il pr\u00e9cis\u00e9.<\/p>\n<p>M. le SG a, en outre, indiqu\u00e9 que \u2018\u2019l&#8217;extr\u00e9misme violent et le discours de haine, bien que leur impact soit parfois invisible, constituent une bombe \u00e0 retardement, qui peut s&#8217;exploser \u00e0 tout moment si une nouvelle approche n&#8217;est pas adopt\u00e9e \u00e0 travers la sensibilisation et la propagation de la culture de mod\u00e9ration et d&#8217;ouverture aux fins de b\u00e2tir des ponts de confiance au sein de la soci\u00e9t\u00e9\u2019\u2019, ajoute \u2013 t &#8211; il.<\/p>\n<p>Il a d\u00e9clar\u00e9 que \u2018\u2019notre pays a \u0153uvr\u00e9 avec tout le s\u00e9rieux n\u00e9cessaire aux niveaux local et r\u00e9gional pour lutter contre l&#8217;extr\u00e9misme sous toutes ses formes \u00e0 travers des initiatives et des mesures efficaces, dont la ratification de nombreux conventions et trait\u00e9s internationaux visant \u00e0 renforcer la coop\u00e9ration dans ce domaine.<\/p>\n<p>De son c\u00f4t\u00e9, la cheffe du Bureau des Nations Unies contre le crime organis\u00e9 et la drogue, Mme Helen Van, a d\u00e9clar\u00e9 que \u2018\u2019l&#8217;organisation d&#8217;un atelier sur la lutte contre les discours extr\u00e9mistes et la haine t\u00e9moigne, aujourd&#8217;hui, de la coop\u00e9ration fructueuse entre le gouvernement mauritanien et les Nations Unies, saluant les efforts de la Mauritanie dans la lutte contre le terrorisme et l&#8217;extr\u00e9misme, ce qui en fait un mod\u00e8le \u00e0 suivre dans la r\u00e9gion.<\/p>\n<p>A son tour, le conseiller politique \u00e0 l&#8217;ambassade f\u00e9d\u00e9rale d&#8217;Allemagne, a indiqu\u00e9 que la Mauritanie a adopt\u00e9 une politique s\u00e9curitaire efficace, en particulier, dans les zones menac\u00e9es par le terrorisme, ce qui a permis de freiner l&#8217;extr\u00e9misme, ajoutant que l&#8217;Allemagne soutient ces efforts et approches, et restera un partenaire proche de la Mauritanie .<\/p>\n<p>Plusieurs experts et membres des forces arm\u00e9es et de s\u00e9curit\u00e9 ont particip\u00e9 \u00e0 l&#8217;atelier.<\/p>\n<p><img decoding=\"async\" class=\"alignnone  wp-image-269771\" src=\"https:\/\/ami.mr\/fr\/wp-content\/uploads\/2025\/04\/IMG_3866-768x341-1-300x133.jpg\" alt=\"\" width=\"774\" height=\"343\" srcset=\"https:\/\/ami.mr\/fr\/wp-content\/uploads\/2025\/04\/IMG_3866-768x341-1-300x133.jpg 300w, https:\/\/ami.mr\/fr\/wp-content\/uploads\/2025\/04\/IMG_3866-768x341-1.jpg 768w\" sizes=\"(max-width: 774px) 100vw, 774px\" \/><\/p>\n","protected":false},"excerpt":{"rendered":"<p>D\u00e9marrage, lundi \u00e0 Nouakchott, d\u2019un atelier sur les indicateurs pr\u00e9coces de l&#8217;extr\u00e9misme et la lutte contre les discours radicaux et haineux, organis\u00e9 par le minist\u00e8re de la Justice, en coop\u00e9ration avec l&#8217;Office des Nations Unies pour la lutte contre le crime organis\u00e9 et la drogue. Au cours de cet atelier, de trois jours, les participants [&hellip;]<\/p>\n","protected":false},"author":17,"featured_media":269770,"comment_status":"open","ping_status":"open","sticky":false,"template":"","format":"standard","meta":{"footnotes":""},"categories":[63918,63957,63959],"tags":[],"class_list":["post-269769","post","type-post","status-publish","format-standard","has-post-thumbnail","hentry","category-autres","category-fil-dactualite","category-mauritanie"],"_links":{"self":[{"href":"https:\/\/ami.mr\/fr\/wp-json\/wp\/v2\/posts\/269769","targetHints":{"allow":["GET"]}}],"collection":[{"href":"https:\/\/ami.mr\/fr\/wp-json\/wp\/v2\/posts"}],"about":[{"href":"https:\/\/ami.mr\/fr\/wp-json\/wp\/v2\/types\/post"}],"author":[{"embeddable":true,"href":"https:\/\/ami.mr\/fr\/wp-json\/wp\/v2\/users\/17"}],"replies":[{"embeddable":true,"href":"https:\/\/ami.mr\/fr\/wp-json\/wp\/v2\/comments?post=269769"}],"version-history":[{"count":1,"href":"https:\/\/ami.mr\/fr\/wp-json\/wp\/v2\/posts\/269769\/revisions"}],"predecessor-version":[{"id":269772,"href":"https:\/\/ami.mr\/fr\/wp-json\/wp\/v2\/posts\/269769\/revisions\/269772"}],"wp:featuredmedia":[{"embeddable":true,"href":"https:\/\/ami.mr\/fr\/wp-json\/wp\/v2\/media\/269770"}],"wp:attachment":[{"href":"https:\/\/ami.mr\/fr\/wp-json\/wp\/v2\/media?parent=269769"}],"wp:term":[{"taxonomy":"category","embeddable":true,"href":"https:\/\/ami.mr\/fr\/wp-json\/wp\/v2\/categories?post=269769"},{"taxonomy":"post_tag","embeddable":true,"href":"https:\/\/ami.mr\/fr\/wp-json\/wp\/v2\/tags?post=269769"}],"curies":[{"name":"wp","href":"https:\/\/api.w.org\/{rel}","templated":true}]}}