{"id":269579,"date":"2025-04-24T19:07:48","date_gmt":"2025-04-24T19:07:48","guid":{"rendered":"https:\/\/ami.mr\/fr\/?p=269579"},"modified":"2025-04-24T19:07:48","modified_gmt":"2025-04-24T19:07:48","slug":"le-wali-de-dakhlet-nouadhibou-informe-les-directeurs-regionaux-des-directives-du-president-de-la-republique","status":"publish","type":"post","link":"https:\/\/ami.mr\/fr\/archives\/269579","title":{"rendered":"Le wali de Dakhlet Nouadhibou informe les directeurs r\u00e9gionaux des directives du Pr\u00e9sident de la R\u00e9publique"},"content":{"rendered":"<div class=\"row\">\n<div class=\"cell auto-size bd-gray\" dir=\"ltr\"><\/div>\n<\/div>\n<div class=\"row\">\n<div class=\"cell auto-size\">\n<div class=\"set-border bd-gray padding10 margin10 no-margin-right no-margin-left \" dir=\"ltr\">\n<p>Le wali de Dakhlet Anouadhibou, M. Mahi Ould Hamed, a tenu, jeudi, dans la salle de r\u00e9union des locaux de la wilaya, une r\u00e9union avec les directeurs r\u00e9gionaux pour les informer du contenu de la r\u00e9cente r\u00e9union entre le pr\u00e9sident de la R\u00e9publique, Mohamed Ould Cheikh El Ghazouani, et les walis, qui a comport\u00e9 d&#8217;importantes directives et instructions.<\/p>\n<p>Dans son allocution, le wali a expliqu\u00e9 qu&#8217;au cours de cette r\u00e9union, le Pr\u00e9sident de la R\u00e9publique a mis l&#8217;accent sur des questions essentielles, notamment la promotion de l&#8217;\u00e9ducation, le renforcement de l&#8217;\u00e9cole publique, la mise en \u0153uvre des programmes nationaux de d\u00e9veloppement, l&#8217;activation de la d\u00e9centralisation et la possibilit\u00e9 pour les \u00e9lus de jouer leur r\u00f4le dans le rapprochement de l&#8217;administration du citoyen.<\/p>\n<p>Il a \u00e9galement soulign\u00e9 l&#8217;importance du contr\u00f4le des prix et de l&#8217;approvisionnement des march\u00e9s, de l&#8217;encouragement de l&#8217;agriculture pour atteindre l&#8217;autosuffisance, de la lutte contre les mauvaises pratiques pastorales en raison de leurs effets n\u00e9gatifs sur les efforts de d\u00e9veloppement et les p\u00e2turages, de la lutte contre la drogue et la migration irr\u00e9guli\u00e8re, et du contr\u00f4le permanent de l&#8217;\u00e9tat des infrastructures.<\/p>\n<p>Le wali a exhort\u00e9 les directeurs r\u00e9gionaux \u00e0 suivre de pr\u00e8s les diff\u00e9rents projets en cours dans la wilaya et \u00e0 signaler tout manquement ou d\u00e9s\u00e9quilibre sur le terrain afin d&#8217;y rem\u00e9dier en temps opportun, soulignant l&#8217;importance de la coordination et de l&#8217;int\u00e9gration entre les d\u00e9partements r\u00e9gionaux.<\/p>\n<p>La r\u00e9union s&#8217;est d\u00e9roul\u00e9e en pr\u00e9sence de l&#8217;adjoint du wali, du directeur du cabinet du wali, des conseillers du wali, du hakem de Nouadhibou, ainsi que des commandants et des repr\u00e9sentants des diff\u00e9rentes formations militaires et s\u00e9curitaires, et de l&#8217;adjoint au maire de la commune de Nouadhibou.<\/p>\n<\/div>\n<\/div>\n<\/div>\n","protected":false},"excerpt":{"rendered":"<p>Le wali de Dakhlet Anouadhibou, M. Mahi Ould Hamed, a tenu, jeudi, dans la salle de r\u00e9union des locaux de la wilaya, une r\u00e9union avec les directeurs r\u00e9gionaux pour les informer du contenu de la r\u00e9cente r\u00e9union entre le pr\u00e9sident de la R\u00e9publique, Mohamed Ould Cheikh El Ghazouani, et les walis, qui a comport\u00e9 d&#8217;importantes [&hellip;]<\/p>\n","protected":false},"author":8,"featured_media":269580,"comment_status":"open","ping_status":"open","sticky":false,"template":"","format":"standard","meta":{"footnotes":""},"categories":[63918,63957],"tags":[],"class_list":["post-269579","post","type-post","status-publish","format-standard","has-post-thumbnail","hentry","category-autres","category-fil-dactualite"],"_links":{"self":[{"href":"https:\/\/ami.mr\/fr\/wp-json\/wp\/v2\/posts\/269579","targetHints":{"allow":["GET"]}}],"collection":[{"href":"https:\/\/ami.mr\/fr\/wp-json\/wp\/v2\/posts"}],"about":[{"href":"https:\/\/ami.mr\/fr\/wp-json\/wp\/v2\/types\/post"}],"author":[{"embeddable":true,"href":"https:\/\/ami.mr\/fr\/wp-json\/wp\/v2\/users\/8"}],"replies":[{"embeddable":true,"href":"https:\/\/ami.mr\/fr\/wp-json\/wp\/v2\/comments?post=269579"}],"version-history":[{"count":1,"href":"https:\/\/ami.mr\/fr\/wp-json\/wp\/v2\/posts\/269579\/revisions"}],"predecessor-version":[{"id":269581,"href":"https:\/\/ami.mr\/fr\/wp-json\/wp\/v2\/posts\/269579\/revisions\/269581"}],"wp:featuredmedia":[{"embeddable":true,"href":"https:\/\/ami.mr\/fr\/wp-json\/wp\/v2\/media\/269580"}],"wp:attachment":[{"href":"https:\/\/ami.mr\/fr\/wp-json\/wp\/v2\/media?parent=269579"}],"wp:term":[{"taxonomy":"category","embeddable":true,"href":"https:\/\/ami.mr\/fr\/wp-json\/wp\/v2\/categories?post=269579"},{"taxonomy":"post_tag","embeddable":true,"href":"https:\/\/ami.mr\/fr\/wp-json\/wp\/v2\/tags?post=269579"}],"curies":[{"name":"wp","href":"https:\/\/api.w.org\/{rel}","templated":true}]}}