{"id":269576,"date":"2025-04-24T19:02:13","date_gmt":"2025-04-24T19:02:13","guid":{"rendered":"https:\/\/ami.mr\/fr\/?p=269576"},"modified":"2025-04-24T19:02:13","modified_gmt":"2025-04-24T19:02:13","slug":"installation-du-comite-regional-de-gestion-des-frontieres-dans-le-tiris-zemmour","status":"publish","type":"post","link":"https:\/\/ami.mr\/fr\/archives\/269576","title":{"rendered":"Installation du Comit\u00e9 r\u00e9gional de gestion des fronti\u00e8res dans le Tiris Zemmour"},"content":{"rendered":"<div class=\"row\">\n<div class=\"cell auto-size bd-gray\" dir=\"ltr\"><\/div>\n<\/div>\n<div class=\"row\">\n<div class=\"cell auto-size\">\n<div class=\"set-border bd-gray padding10 margin10 no-margin-right no-margin-left \" dir=\"ltr\">\n<p>Le wali du Tiris Zemmour, M. Tiyeb Ould Mohamed Mahmoud, a pr\u00e9sid\u00e9, jeudi, \u00e0 Zouerate, en pr\u00e9sence des autorit\u00e9s administratives et s\u00e9curitaires, d&#8217;un certain nombre d&#8217;\u00e9lus et de repr\u00e9sentants de la soci\u00e9t\u00e9 civile, une r\u00e9union d&#8217;installation et d&#8217;activation du Comit\u00e9 r\u00e9gional de gestion des fronti\u00e8res au niveau de la wilaya.<\/p>\n<p>Cette r\u00e9union vise \u00e0 renforcer la coordination entre les diff\u00e9rentes parties concern\u00e9es par les questions frontali\u00e8res et \u00e0 r\u00e9soudre les probl\u00e8mes qui peuvent se poser dans les zones frontali\u00e8res, dans le cadre d&#8217;une vision globale visant \u00e0 s\u00e9curiser les points de passage et \u00e0 faire face aux diff\u00e9rentes menaces li\u00e9es aux fronti\u00e8res, notamment la contrebande, la migration irr\u00e9guli\u00e8re et le crime organis\u00e9.<\/p>\n<p>Dans son allocution d&#8217;ouverture, le wali a soulign\u00e9 que cette r\u00e9union traduit l&#8217;int\u00e9r\u00eat de S.E. le Pr\u00e9sident de la R\u00e9publique, Mohamed Ould Cheikh El Ghazouani, pour les r\u00e9gions frontali\u00e8res et la mise en \u0153uvre des politiques du gouvernement de S.E. le Premier ministre, El Moctar Ould Djay, visant \u00e0 renforcer la s\u00e9curit\u00e9 et le d\u00e9veloppement durable dans ces r\u00e9gions.<\/p>\n<p>Pour sa part, la Conseill\u00e8re du Ministre de l&#8217;Int\u00e9rieur charg\u00e9e de la Migration et des R\u00e9fugi\u00e9s, Mme Souadou Ndiaye, a expliqu\u00e9 que la mission de ce comit\u00e9 ne se limite pas \u00e0 la dimension s\u00e9curitaire, mais comprend \u00e9galement des aspects d\u00e9veloppementaux au service de la stabilit\u00e9 et des droits des populations dans les zones frontali\u00e8res, soulignant l&#8217;importance de la coordination entre les acteurs locaux et nationaux.<\/p>\n<p>Dans le m\u00eame contexte, le pr\u00e9sident de la r\u00e9gion Tiris Zemmour, M. Hadrami Ould Ahmadi, a soulign\u00e9 la n\u00e9cessit\u00e9 d&#8217;adopter une approche globale et participative pour relever les d\u00e9fis dans les zones frontali\u00e8res, en tenant compte des sp\u00e9cificit\u00e9s de chaque r\u00e9gion et en garantissant la dignit\u00e9 du citoyen.<\/p>\n<p>Les participants ont \u00e9cout\u00e9 une pr\u00e9sentation du colonel \u00e0 la retraite Sidati Ould Dik sur l&#8217;exp\u00e9rience de l&#8217;\u00c9tat mauritanien en mati\u00e8re de gestion des fronti\u00e8res et sur l&#8217;importance de ces comit\u00e9s pour assurer la s\u00e9curit\u00e9 et le d\u00e9veloppement, tout en examinant des exemples d&#8217;exp\u00e9riences des pays voisins dans ce domaine.<\/p>\n<p>La r\u00e9union s&#8217;est d\u00e9roul\u00e9e en pr\u00e9sence des membres du comit\u00e9, des hakems de moughataas, des maires des communes, de plusieurs fonctionnaires r\u00e9gionaux et de repr\u00e9sentants de la soci\u00e9t\u00e9 civile.<\/p>\n<\/div>\n<\/div>\n<\/div>\n","protected":false},"excerpt":{"rendered":"<p>Le wali du Tiris Zemmour, M. Tiyeb Ould Mohamed Mahmoud, a pr\u00e9sid\u00e9, jeudi, \u00e0 Zouerate, en pr\u00e9sence des autorit\u00e9s administratives et s\u00e9curitaires, d&#8217;un certain nombre d&#8217;\u00e9lus et de repr\u00e9sentants de la soci\u00e9t\u00e9 civile, une r\u00e9union d&#8217;installation et d&#8217;activation du Comit\u00e9 r\u00e9gional de gestion des fronti\u00e8res au niveau de la wilaya. Cette r\u00e9union vise \u00e0 renforcer [&hellip;]<\/p>\n","protected":false},"author":8,"featured_media":269577,"comment_status":"open","ping_status":"open","sticky":false,"template":"","format":"standard","meta":{"footnotes":""},"categories":[63918,63957],"tags":[],"class_list":["post-269576","post","type-post","status-publish","format-standard","has-post-thumbnail","hentry","category-autres","category-fil-dactualite"],"_links":{"self":[{"href":"https:\/\/ami.mr\/fr\/wp-json\/wp\/v2\/posts\/269576","targetHints":{"allow":["GET"]}}],"collection":[{"href":"https:\/\/ami.mr\/fr\/wp-json\/wp\/v2\/posts"}],"about":[{"href":"https:\/\/ami.mr\/fr\/wp-json\/wp\/v2\/types\/post"}],"author":[{"embeddable":true,"href":"https:\/\/ami.mr\/fr\/wp-json\/wp\/v2\/users\/8"}],"replies":[{"embeddable":true,"href":"https:\/\/ami.mr\/fr\/wp-json\/wp\/v2\/comments?post=269576"}],"version-history":[{"count":1,"href":"https:\/\/ami.mr\/fr\/wp-json\/wp\/v2\/posts\/269576\/revisions"}],"predecessor-version":[{"id":269578,"href":"https:\/\/ami.mr\/fr\/wp-json\/wp\/v2\/posts\/269576\/revisions\/269578"}],"wp:featuredmedia":[{"embeddable":true,"href":"https:\/\/ami.mr\/fr\/wp-json\/wp\/v2\/media\/269577"}],"wp:attachment":[{"href":"https:\/\/ami.mr\/fr\/wp-json\/wp\/v2\/media?parent=269576"}],"wp:term":[{"taxonomy":"category","embeddable":true,"href":"https:\/\/ami.mr\/fr\/wp-json\/wp\/v2\/categories?post=269576"},{"taxonomy":"post_tag","embeddable":true,"href":"https:\/\/ami.mr\/fr\/wp-json\/wp\/v2\/tags?post=269576"}],"curies":[{"name":"wp","href":"https:\/\/api.w.org\/{rel}","templated":true}]}}