{"id":269573,"date":"2025-04-24T18:53:43","date_gmt":"2025-04-24T18:53:43","guid":{"rendered":"https:\/\/ami.mr\/fr\/?p=269573"},"modified":"2025-04-24T18:53:43","modified_gmt":"2025-04-24T18:53:43","slug":"lancement-dun-ensemble-de-projets-agricoles-au-trarza-avec-lappui-de-la-cooperation-japonaise","status":"publish","type":"post","link":"https:\/\/ami.mr\/fr\/archives\/269573","title":{"rendered":"Lancement d&#8217;un ensemble de projets agricoles au Trarza avec l&#8217;appui de la coop\u00e9ration japonaise"},"content":{"rendered":"<div class=\"row\"><\/div>\n<div class=\"row\">\n<div class=\"cell auto-size\">\n<div class=\"set-border bd-gray padding10 margin10 no-margin-right no-margin-left \" dir=\"ltr\">\n<p>Le conseiller du Wali du Trarza charg\u00e9 des affaires politiques et sociales, M. Mohamed Abdallahi Ould Limam, a supervis\u00e9 le lancement d&#8217;un ensemble de projets agricoles, dont 11 dans le cadre du programme \u00ab vivres contre travail \u00bb et 17 projets g\u00e9n\u00e9rateurs de revenus, jeudi apr\u00e8s-midi, aux entrep\u00f4ts du Commissariat \u00e0 la S\u00e9curit\u00e9 Alimentaire \u00e0 Rosso.<\/p>\n<p>Le Conseiller du wali a expliqu\u00e9 que ces projets s&#8217;inscrivent dans le cadre des hautes directives du Pr\u00e9sident de la R\u00e9publique, S.E. Mohamed Ould Cheikh El Ghazouani, visant \u00e0 atteindre l&#8217;autosuffisance alimentaire, mises en \u0153uvre par le gouvernement du Premier ministre, S.E. El Moctar Ould Djay, saluant le r\u00f4le de la coop\u00e9ration japonaise dans l&#8217;appui \u00e0 la s\u00e9curit\u00e9 alimentaire nationale.<\/p>\n<p>Pour sa part, le d\u00e9l\u00e9gu\u00e9 r\u00e9gional du Commissariat \u00e0 la s\u00e9curit\u00e9 alimentaire dans la wilaya du Trarza, M. Taleb Moustapha Ould Khatri, a soulign\u00e9 que ces projets fournissent un soutien mat\u00e9riel important, notamment du ciment, du fer, des cl\u00f4tures, du bl\u00e9, ainsi que des motopompes, afin de soutenir la prochaine campagne agricole et d&#8217;en am\u00e9liorer la productivit\u00e9.<\/p>\n<p>Le d\u00e9l\u00e9gu\u00e9 a appel\u00e9 toutes les personnes de bonne volont\u00e9 \u00e0 soutenir les b\u00e9n\u00e9ficiaires en les guidant et en les conseillant afin d&#8217;atteindre les objectifs souhait\u00e9s, soulignant que le CSA est pr\u00eat \u00e0 assurer le suivi des projets et \u00e0 fournir la sensibilisation n\u00e9cessaire aux b\u00e9n\u00e9ficiaires.<\/p>\n<p>Le lancement a eu lieu en pr\u00e9sence du hakem de Rosso, M. Mkhaitrat Ould Mohamed Vall, du vice-pr\u00e9sident de la r\u00e9gion du Trarza, M. Hemmet Ould Bilal, et d&#8217;un certain nombre d&#8217;acteurs agricoles et d&#8217;autorit\u00e9s locales.<\/p>\n<\/div>\n<\/div>\n<\/div>\n","protected":false},"excerpt":{"rendered":"<p>Le conseiller du Wali du Trarza charg\u00e9 des affaires politiques et sociales, M. Mohamed Abdallahi Ould Limam, a supervis\u00e9 le lancement d&#8217;un ensemble de projets agricoles, dont 11 dans le cadre du programme \u00ab vivres contre travail \u00bb et 17 projets g\u00e9n\u00e9rateurs de revenus, jeudi apr\u00e8s-midi, aux entrep\u00f4ts du Commissariat \u00e0 la S\u00e9curit\u00e9 Alimentaire \u00e0 [&hellip;]<\/p>\n","protected":false},"author":8,"featured_media":269574,"comment_status":"open","ping_status":"open","sticky":false,"template":"","format":"standard","meta":{"footnotes":""},"categories":[63918,63957],"tags":[],"class_list":["post-269573","post","type-post","status-publish","format-standard","has-post-thumbnail","hentry","category-autres","category-fil-dactualite"],"_links":{"self":[{"href":"https:\/\/ami.mr\/fr\/wp-json\/wp\/v2\/posts\/269573","targetHints":{"allow":["GET"]}}],"collection":[{"href":"https:\/\/ami.mr\/fr\/wp-json\/wp\/v2\/posts"}],"about":[{"href":"https:\/\/ami.mr\/fr\/wp-json\/wp\/v2\/types\/post"}],"author":[{"embeddable":true,"href":"https:\/\/ami.mr\/fr\/wp-json\/wp\/v2\/users\/8"}],"replies":[{"embeddable":true,"href":"https:\/\/ami.mr\/fr\/wp-json\/wp\/v2\/comments?post=269573"}],"version-history":[{"count":1,"href":"https:\/\/ami.mr\/fr\/wp-json\/wp\/v2\/posts\/269573\/revisions"}],"predecessor-version":[{"id":269575,"href":"https:\/\/ami.mr\/fr\/wp-json\/wp\/v2\/posts\/269573\/revisions\/269575"}],"wp:featuredmedia":[{"embeddable":true,"href":"https:\/\/ami.mr\/fr\/wp-json\/wp\/v2\/media\/269574"}],"wp:attachment":[{"href":"https:\/\/ami.mr\/fr\/wp-json\/wp\/v2\/media?parent=269573"}],"wp:term":[{"taxonomy":"category","embeddable":true,"href":"https:\/\/ami.mr\/fr\/wp-json\/wp\/v2\/categories?post=269573"},{"taxonomy":"post_tag","embeddable":true,"href":"https:\/\/ami.mr\/fr\/wp-json\/wp\/v2\/tags?post=269573"}],"curies":[{"name":"wp","href":"https:\/\/api.w.org\/{rel}","templated":true}]}}