{"id":269567,"date":"2025-04-24T18:36:41","date_gmt":"2025-04-24T18:36:41","guid":{"rendered":"https:\/\/ami.mr\/fr\/?p=269567"},"modified":"2025-04-24T18:36:41","modified_gmt":"2025-04-24T18:36:41","slug":"le-ministre-de-leconomie-et-des-finances-examine-avec-son-homologue-allemand-les-moyens-de-renforcer-la-cooperation-au-developpement-entre-les-deux-pays","status":"publish","type":"post","link":"https:\/\/ami.mr\/fr\/archives\/269567","title":{"rendered":"Le ministre de l&#8217;\u00e9conomie et des finances examine avec son homologue allemand les moyens de renforcer la coop\u00e9ration au d\u00e9veloppement entre les deux pays"},"content":{"rendered":"<div class=\"row\">\n<div class=\"cell auto-size bd-gray\" dir=\"ltr\"><\/div>\n<\/div>\n<div class=\"row\">\n<div class=\"cell auto-size\">\n<div class=\"set-border bd-gray padding10 margin10 no-margin-right no-margin-left \" dir=\"ltr\">\n<p>Le ministre de l&#8217;\u00e9conomie et des finances, M. Sid&#8217;Ahmed Ould Bouh, a eu, jeudi, un entretien avec Mme Svenja Schulze, ministre de la coop\u00e9ration \u00e9conomique et du d\u00e9veloppement de la R\u00e9publique f\u00e9d\u00e9rale d&#8217;Allemagne, en marge des r\u00e9unions de printemps du groupe de la Banque mondiale et du Fonds mon\u00e9taire international, tenues \u00e0 Washington du 21 au 26 avril 2025.<\/p>\n<p>Au cours de la r\u00e9union, ils ont discut\u00e9 des moyens de renforcer la coop\u00e9ration bilat\u00e9rale entre les deux pays dans les domaines du d\u00e9veloppement \u00e9conomique en soutenant des projets de d\u00e9veloppement, en am\u00e9liorant le climat d&#8217;investissement et en renfor\u00e7ant le partenariat strat\u00e9gique existant.<\/p>\n<p>Les deux parties ont \u00e9galement discut\u00e9 des perspectives d&#8217;\u00e9largissement de la coop\u00e9ration dans divers secteurs, afin de renforcer les efforts de la Mauritanie dans le domaine du d\u00e9veloppement durable et des r\u00e9formes \u00e9conomiques en cours, et de servir les int\u00e9r\u00eats communs des deux pays amis.<\/p>\n<p>Cette rencontre s&#8217;inscrit dans le cadre des efforts visant \u00e0 approfondir les relations \u00e9conomiques entre la Mauritanie et l&#8217;Allemagne et \u00e0 contribuer \u00e0 la stabilit\u00e9 \u00e9conomique et au d\u00e9veloppement global de la r\u00e9gion.<\/p>\n<\/div>\n<\/div>\n<\/div>\n","protected":false},"excerpt":{"rendered":"<p>Le ministre de l&#8217;\u00e9conomie et des finances, M. Sid&#8217;Ahmed Ould Bouh, a eu, jeudi, un entretien avec Mme Svenja Schulze, ministre de la coop\u00e9ration \u00e9conomique et du d\u00e9veloppement de la R\u00e9publique f\u00e9d\u00e9rale d&#8217;Allemagne, en marge des r\u00e9unions de printemps du groupe de la Banque mondiale et du Fonds mon\u00e9taire international, tenues \u00e0 Washington du 21 [&hellip;]<\/p>\n","protected":false},"author":8,"featured_media":269568,"comment_status":"open","ping_status":"open","sticky":false,"template":"","format":"standard","meta":{"footnotes":""},"categories":[63918,63957],"tags":[],"class_list":["post-269567","post","type-post","status-publish","format-standard","has-post-thumbnail","hentry","category-autres","category-fil-dactualite"],"_links":{"self":[{"href":"https:\/\/ami.mr\/fr\/wp-json\/wp\/v2\/posts\/269567","targetHints":{"allow":["GET"]}}],"collection":[{"href":"https:\/\/ami.mr\/fr\/wp-json\/wp\/v2\/posts"}],"about":[{"href":"https:\/\/ami.mr\/fr\/wp-json\/wp\/v2\/types\/post"}],"author":[{"embeddable":true,"href":"https:\/\/ami.mr\/fr\/wp-json\/wp\/v2\/users\/8"}],"replies":[{"embeddable":true,"href":"https:\/\/ami.mr\/fr\/wp-json\/wp\/v2\/comments?post=269567"}],"version-history":[{"count":1,"href":"https:\/\/ami.mr\/fr\/wp-json\/wp\/v2\/posts\/269567\/revisions"}],"predecessor-version":[{"id":269569,"href":"https:\/\/ami.mr\/fr\/wp-json\/wp\/v2\/posts\/269567\/revisions\/269569"}],"wp:featuredmedia":[{"embeddable":true,"href":"https:\/\/ami.mr\/fr\/wp-json\/wp\/v2\/media\/269568"}],"wp:attachment":[{"href":"https:\/\/ami.mr\/fr\/wp-json\/wp\/v2\/media?parent=269567"}],"wp:term":[{"taxonomy":"category","embeddable":true,"href":"https:\/\/ami.mr\/fr\/wp-json\/wp\/v2\/categories?post=269567"},{"taxonomy":"post_tag","embeddable":true,"href":"https:\/\/ami.mr\/fr\/wp-json\/wp\/v2\/tags?post=269567"}],"curies":[{"name":"wp","href":"https:\/\/api.w.org\/{rel}","templated":true}]}}