{"id":269542,"date":"2025-04-24T15:20:04","date_gmt":"2025-04-24T15:20:04","guid":{"rendered":"https:\/\/ami.mr\/fr\/?p=269542"},"modified":"2025-04-24T15:20:04","modified_gmt":"2025-04-24T15:20:04","slug":"commemoration-de-la-journee-internationale-des-filles-dans-le-domaine-des-tic","status":"publish","type":"post","link":"https:\/\/ami.mr\/fr\/archives\/269542","title":{"rendered":"Comm\u00e9moration de la Journ\u00e9e internationale des filles dans le domaine des TIC"},"content":{"rendered":"<p>Le minist\u00e8re de la Transformation num\u00e9rique et de la Modernisation de l&#8217;Administration a comm\u00e9mor\u00e9, jeudi \u00e0 Nouakchott, la Journ\u00e9e internationale des filles dans le domaine des technologies de l&#8217;information et de la communication.<\/p>\n<p>Prenant la parole \u00e0 cette occasion, le secr\u00e9taire g\u00e9n\u00e9ral du minist\u00e8re, M. Khaled Abidine Sidi, a indiqu\u00e9 que \u2018\u2019cette journ\u00e9e internationale signifie beaucoup pour notre pays, qui a adopt\u00e9 un plan national pour op\u00e9rer une num\u00e9risation inclusive ouverte \u00e0 tous, consolidant le progr\u00e8s, la justice sociale et l&#8217;\u00e9galit\u00e9 des chances\u2019\u2019, a \u2013 t \u2013 il dit.<\/p>\n<p>Il a soulign\u00e9 que cette c\u00e9l\u00e9bration rev\u00eat une importance particuli\u00e8re, car elle est organis\u00e9e en coop\u00e9ration entre la CEI et les pays arabes, dans le cadre d&#8217;un formule hybride reliant Bichkek et Nouakchott, deux capitales engag\u00e9es dans la promotion de l&#8217;inclusion num\u00e9rique, saluant le partenariat avec le minist\u00e8re du d\u00e9veloppement num\u00e9rique de la R\u00e9publique kirghize et l&#8217;Union internationale des t\u00e9l\u00e9communications pour son soutien \u00e0 la Mauritanie.<\/p>\n<p>M. le SG a ajout\u00e9 que \u2018\u2019le d\u00e9partement organisera plusieurs sessions de formation, offrant ainsi des opportunit\u00e9s qui permettront aux filles de lib\u00e9rer leur potentiel \u00e0 travers une multitude de programmes de formation et d&#8217;accompagnement pr\u00e9parant aux m\u00e9tiers de demain.<\/p>\n<p>De son c\u00f4t\u00e9, la repr\u00e9sentante r\u00e9sidente du PNUD, M. Leila Peters, a remerci\u00e9 le gouvernement mauritanien, la R\u00e9publique kirghize et l&#8217;Union internationale des t\u00e9l\u00e9communications pour leur engagement, soulignant que l&#8217;autonomisation num\u00e9rique des filles n&#8217;est pas seulement une question d&#8217;\u00e9quit\u00e9 mais une opportunit\u00e9 de d\u00e9veloppement majeure, notamment en Mauritanie, o\u00f9 les jeunes constituent la majorit\u00e9 de la population, et les femmes repr\u00e9sentent la moiti\u00e9 du capital humain.<\/p>\n<p>A son tour, et par vid\u00e9oconf\u00e9rence, Mme Nuria Kotnaeva, ministre du D\u00e9veloppement num\u00e9rique de la R\u00e9publique kirghize, et M. Kozmas Lakesson Zavazava, directeur du Bureau de la communication et du d\u00e9veloppement de l&#8217;Union internationale des t\u00e9l\u00e9communications, ont salu\u00e9 les efforts d\u00e9ploy\u00e9s par le minist\u00e8re de la Transformation num\u00e9rique, en particulier, en ce qui concerne la formation des filles, rappelant que l&#8217;\u00e9ducation des filles dans le domaine de la technologie am\u00e9liore la productivit\u00e9, r\u00e9duit les disparit\u00e9s et augmente la capacit\u00e9 de l&#8217;\u00c9tat \u00e0 faire face aux d\u00e9fis.<\/p>\n<p>La c\u00e9r\u00e9monie s&#8217;est d\u00e9roul\u00e9e en pr\u00e9sence du secr\u00e9taire g\u00e9n\u00e9ral du minist\u00e8re de l&#8217;Education et de la R\u00e9forme du Syst\u00e8me \u00e9ducatif, au c\u00f4t\u00e9 des cadres du d\u00e9partement .<\/p>\n","protected":false},"excerpt":{"rendered":"<p>Le minist\u00e8re de la Transformation num\u00e9rique et de la Modernisation de l&#8217;Administration a comm\u00e9mor\u00e9, jeudi \u00e0 Nouakchott, la Journ\u00e9e internationale des filles dans le domaine des technologies de l&#8217;information et de la communication. Prenant la parole \u00e0 cette occasion, le secr\u00e9taire g\u00e9n\u00e9ral du minist\u00e8re, M. Khaled Abidine Sidi, a indiqu\u00e9 que \u2018\u2019cette journ\u00e9e internationale signifie [&hellip;]<\/p>\n","protected":false},"author":18,"featured_media":269543,"comment_status":"open","ping_status":"open","sticky":false,"template":"","format":"standard","meta":{"footnotes":""},"categories":[63918,63957,63959],"tags":[],"class_list":["post-269542","post","type-post","status-publish","format-standard","has-post-thumbnail","hentry","category-autres","category-fil-dactualite","category-mauritanie"],"_links":{"self":[{"href":"https:\/\/ami.mr\/fr\/wp-json\/wp\/v2\/posts\/269542","targetHints":{"allow":["GET"]}}],"collection":[{"href":"https:\/\/ami.mr\/fr\/wp-json\/wp\/v2\/posts"}],"about":[{"href":"https:\/\/ami.mr\/fr\/wp-json\/wp\/v2\/types\/post"}],"author":[{"embeddable":true,"href":"https:\/\/ami.mr\/fr\/wp-json\/wp\/v2\/users\/18"}],"replies":[{"embeddable":true,"href":"https:\/\/ami.mr\/fr\/wp-json\/wp\/v2\/comments?post=269542"}],"version-history":[{"count":1,"href":"https:\/\/ami.mr\/fr\/wp-json\/wp\/v2\/posts\/269542\/revisions"}],"predecessor-version":[{"id":269544,"href":"https:\/\/ami.mr\/fr\/wp-json\/wp\/v2\/posts\/269542\/revisions\/269544"}],"wp:featuredmedia":[{"embeddable":true,"href":"https:\/\/ami.mr\/fr\/wp-json\/wp\/v2\/media\/269543"}],"wp:attachment":[{"href":"https:\/\/ami.mr\/fr\/wp-json\/wp\/v2\/media?parent=269542"}],"wp:term":[{"taxonomy":"category","embeddable":true,"href":"https:\/\/ami.mr\/fr\/wp-json\/wp\/v2\/categories?post=269542"},{"taxonomy":"post_tag","embeddable":true,"href":"https:\/\/ami.mr\/fr\/wp-json\/wp\/v2\/tags?post=269542"}],"curies":[{"name":"wp","href":"https:\/\/api.w.org\/{rel}","templated":true}]}}