{"id":269520,"date":"2025-04-24T11:04:59","date_gmt":"2025-04-24T11:04:59","guid":{"rendered":"https:\/\/ami.mr\/fr\/?p=269520"},"modified":"2025-04-24T11:04:59","modified_gmt":"2025-04-24T11:04:59","slug":"la-delegation-mauritanienne-aux-reunions-du-printemps-des-ifi-rencontre-le-dga-du-fmi","status":"publish","type":"post","link":"https:\/\/ami.mr\/fr\/archives\/269520","title":{"rendered":"La d\u00e9l\u00e9gation mauritanienne aux r\u00e9unions du printemps des IFI rencontre le DGA du FMI"},"content":{"rendered":"<p>La d\u00e9l\u00e9gation mauritanienne participant aux r\u00e9unions du printemps des Institutions financi\u00e8res internationales (Banque mondiale et Fonds mon\u00e9taire international), conduite par le ministre de l&#8217;Economie et des Finances, M. Sid\u2019Ahmed Ould Bouh, et le gouverneur de la Banque centrale de Mauritanie, M. Mohamed Lemine Ould Dhahbi, membre, a tenu, mercredi, une r\u00e9union avec le directeur g\u00e9n\u00e9ral adjoint du Fonds mon\u00e9taire international, M. Kenji Okamura, en marge desdites rencontres, qui se d\u00e9roulent \u00e0 Washington, D.C.<\/p>\n<p>L&#8217;audience a port\u00e9 sur les moyens de renforcer la coop\u00e9ration entre la Mauritanie et cette institution financi\u00e8re internationale, en particulier, dans les domaines des r\u00e9formes \u00e9conomiques et financi\u00e8res, de l&#8217;am\u00e9lioration du climat d&#8217;investissement et du renforcement de la transparence fiscale.<\/p>\n<p>Les deux parties ont, \u00e9galement, discut\u00e9 de l&#8217;importance de poursuivre la mise en \u0153uvre des r\u00e9formes financi\u00e8res et \u00e9conomiques mises en \u0153uvre par la Mauritanie en vue de parvenir \u00e0 une croissance inclusive et durable, mais aussi, la n\u00e9cessit\u00e9 d&#8217;intensifier le soutien technique et financier fourni par le Fonds dans ce domaine.<\/p>\n<p>Notons que cette r\u00e9union s&#8217;inscrit dans le cadre des activit\u00e9s des r\u00e9unions du printemps du Groupe de la Banque mondiale et du Fonds mon\u00e9taire international, qui constituent une importante occasion pour discuter des questions \u00e9conomiques et financi\u00e8res mondiales et renforcer la coop\u00e9ration entre les pays b\u00e9n\u00e9ficiaires et ces institutions.<\/p>\n","protected":false},"excerpt":{"rendered":"<p>La d\u00e9l\u00e9gation mauritanienne participant aux r\u00e9unions du printemps des Institutions financi\u00e8res internationales (Banque mondiale et Fonds mon\u00e9taire international), conduite par le ministre de l&#8217;Economie et des Finances, M. Sid\u2019Ahmed Ould Bouh, et le gouverneur de la Banque centrale de Mauritanie, M. Mohamed Lemine Ould Dhahbi, membre, a tenu, mercredi, une r\u00e9union avec le directeur g\u00e9n\u00e9ral [&hellip;]<\/p>\n","protected":false},"author":18,"featured_media":269521,"comment_status":"open","ping_status":"open","sticky":false,"template":"","format":"standard","meta":{"footnotes":""},"categories":[63920,63957,25],"tags":[],"class_list":["post-269520","post","type-post","status-publish","format-standard","has-post-thumbnail","hentry","category-a-la-une","category-fil-dactualite","category-25"],"_links":{"self":[{"href":"https:\/\/ami.mr\/fr\/wp-json\/wp\/v2\/posts\/269520","targetHints":{"allow":["GET"]}}],"collection":[{"href":"https:\/\/ami.mr\/fr\/wp-json\/wp\/v2\/posts"}],"about":[{"href":"https:\/\/ami.mr\/fr\/wp-json\/wp\/v2\/types\/post"}],"author":[{"embeddable":true,"href":"https:\/\/ami.mr\/fr\/wp-json\/wp\/v2\/users\/18"}],"replies":[{"embeddable":true,"href":"https:\/\/ami.mr\/fr\/wp-json\/wp\/v2\/comments?post=269520"}],"version-history":[{"count":1,"href":"https:\/\/ami.mr\/fr\/wp-json\/wp\/v2\/posts\/269520\/revisions"}],"predecessor-version":[{"id":269522,"href":"https:\/\/ami.mr\/fr\/wp-json\/wp\/v2\/posts\/269520\/revisions\/269522"}],"wp:featuredmedia":[{"embeddable":true,"href":"https:\/\/ami.mr\/fr\/wp-json\/wp\/v2\/media\/269521"}],"wp:attachment":[{"href":"https:\/\/ami.mr\/fr\/wp-json\/wp\/v2\/media?parent=269520"}],"wp:term":[{"taxonomy":"category","embeddable":true,"href":"https:\/\/ami.mr\/fr\/wp-json\/wp\/v2\/categories?post=269520"},{"taxonomy":"post_tag","embeddable":true,"href":"https:\/\/ami.mr\/fr\/wp-json\/wp\/v2\/tags?post=269520"}],"curies":[{"name":"wp","href":"https:\/\/api.w.org\/{rel}","templated":true}]}}