{"id":269419,"date":"2025-04-22T20:56:40","date_gmt":"2025-04-22T20:56:40","guid":{"rendered":"https:\/\/ami.mr\/fr\/?p=269419"},"modified":"2025-04-22T20:56:40","modified_gmt":"2025-04-22T20:56:40","slug":"signature-dune-convention-de-plafonnement-des-prix-des-produits-de-premiere-necessite","status":"publish","type":"post","link":"https:\/\/ami.mr\/fr\/archives\/269419","title":{"rendered":"Signature d&#8217;une convention de plafonnement des prix des produits de premi\u00e8re n\u00e9cessit\u00e9"},"content":{"rendered":"<div class=\"cell auto-size\">\n<div class=\"set-border bd-gray padding10 margin10 no-margin-right no-margin-left \" dir=\"ltr\">\n<p>La ministre du commerce et du tourisme, Mme Zeinebou Mint Ahmednah, a supervis\u00e9, mardi soir, dans les locaux du minist\u00e8re, la signature d&#8217;un important accord entre le minist\u00e8re et la f\u00e9d\u00e9ration du commerce pour plafonner les prix des produits de premi\u00e8re n\u00e9cessit\u00e9 les plus consomm\u00e9s.<\/p>\n<p>L&#8217;accord a \u00e9t\u00e9 sign\u00e9 par le Secr\u00e9taire g\u00e9n\u00e9ral du Minist\u00e8re du Commerce et du Tourisme, M. Gu\u00e8ye Amadou El Hadj, et le Pr\u00e9sident de la F\u00e9d\u00e9ration du Commerce, M. Mahmoud Riadh.<\/p>\n<p>L&#8217;accord vise \u00e0 stabiliser les prix des produits alimentaires de base et \u00e0 consolider le principe de partenariat entre les secteurs public et priv\u00e9 dans l&#8217;int\u00e9r\u00eat du citoyen.<\/p>\n<p>Dans son allocution \u00e0 cette occasion, la ministre a soulign\u00e9 que cette r\u00e9union s&#8217;inscrit dans le cadre d&#8217;une s\u00e9rie de r\u00e9unions p\u00e9riodiques visant \u00e0 structurer les prix des produits de consommation, notant que l&#8217;accord comprend la stabilisation du plafond pr\u00e9c\u00e9demment appliqu\u00e9, malgr\u00e9 les fluctuations des march\u00e9s mondiaux.<\/p>\n<p>Le conseiller du Premier ministre charg\u00e9 du commerce et du tourisme, M. Mohamed Abba Ould Jeylani, a salu\u00e9 les efforts du minist\u00e8re et de la F\u00e9d\u00e9ration pour prot\u00e9ger le march\u00e9 national de la sp\u00e9culation et assurer la stabilit\u00e9 des prix.<\/p>\n<p>Pour sa part, le Pr\u00e9sident de la F\u00e9d\u00e9ration du Commerce a soulign\u00e9 que l&#8217;accord repr\u00e9sente une \u00e9tape sans pr\u00e9c\u00e9dent qui a contribu\u00e9 \u00e0 limiter la hausse des prix sur une p\u00e9riode d\u00e9termin\u00e9e.<\/p>\n<p><img decoding=\"async\" class=\"alignnone  wp-image-269420\" src=\"https:\/\/ami.mr\/fr\/wp-content\/uploads\/2025\/04\/1111111111111111111111-300x175.jpg\" alt=\"\" width=\"634\" height=\"370\" srcset=\"https:\/\/ami.mr\/fr\/wp-content\/uploads\/2025\/04\/1111111111111111111111-300x175.jpg 300w, https:\/\/ami.mr\/fr\/wp-content\/uploads\/2025\/04\/1111111111111111111111-1024x598.jpg 1024w, https:\/\/ami.mr\/fr\/wp-content\/uploads\/2025\/04\/1111111111111111111111-768x449.jpg 768w, https:\/\/ami.mr\/fr\/wp-content\/uploads\/2025\/04\/1111111111111111111111.jpg 1078w\" sizes=\"(max-width: 634px) 100vw, 634px\" \/><\/p>\n<\/div>\n<\/div>\n","protected":false},"excerpt":{"rendered":"<p>La ministre du commerce et du tourisme, Mme Zeinebou Mint Ahmednah, a supervis\u00e9, mardi soir, dans les locaux du minist\u00e8re, la signature d&#8217;un important accord entre le minist\u00e8re et la f\u00e9d\u00e9ration du commerce pour plafonner les prix des produits de premi\u00e8re n\u00e9cessit\u00e9 les plus consomm\u00e9s. L&#8217;accord a \u00e9t\u00e9 sign\u00e9 par le Secr\u00e9taire g\u00e9n\u00e9ral du Minist\u00e8re [&hellip;]<\/p>\n","protected":false},"author":16,"featured_media":269421,"comment_status":"open","ping_status":"open","sticky":false,"template":"","format":"standard","meta":{"footnotes":""},"categories":[63920,63957,63959,63927],"tags":[],"class_list":["post-269419","post","type-post","status-publish","format-standard","has-post-thumbnail","hentry","category-a-la-une","category-fil-dactualite","category-mauritanie","category-slider-mauritanie"],"_links":{"self":[{"href":"https:\/\/ami.mr\/fr\/wp-json\/wp\/v2\/posts\/269419","targetHints":{"allow":["GET"]}}],"collection":[{"href":"https:\/\/ami.mr\/fr\/wp-json\/wp\/v2\/posts"}],"about":[{"href":"https:\/\/ami.mr\/fr\/wp-json\/wp\/v2\/types\/post"}],"author":[{"embeddable":true,"href":"https:\/\/ami.mr\/fr\/wp-json\/wp\/v2\/users\/16"}],"replies":[{"embeddable":true,"href":"https:\/\/ami.mr\/fr\/wp-json\/wp\/v2\/comments?post=269419"}],"version-history":[{"count":1,"href":"https:\/\/ami.mr\/fr\/wp-json\/wp\/v2\/posts\/269419\/revisions"}],"predecessor-version":[{"id":269422,"href":"https:\/\/ami.mr\/fr\/wp-json\/wp\/v2\/posts\/269419\/revisions\/269422"}],"wp:featuredmedia":[{"embeddable":true,"href":"https:\/\/ami.mr\/fr\/wp-json\/wp\/v2\/media\/269421"}],"wp:attachment":[{"href":"https:\/\/ami.mr\/fr\/wp-json\/wp\/v2\/media?parent=269419"}],"wp:term":[{"taxonomy":"category","embeddable":true,"href":"https:\/\/ami.mr\/fr\/wp-json\/wp\/v2\/categories?post=269419"},{"taxonomy":"post_tag","embeddable":true,"href":"https:\/\/ami.mr\/fr\/wp-json\/wp\/v2\/tags?post=269419"}],"curies":[{"name":"wp","href":"https:\/\/api.w.org\/{rel}","templated":true}]}}