{"id":269226,"date":"2025-04-20T19:22:44","date_gmt":"2025-04-20T19:22:44","guid":{"rendered":"https:\/\/ami.mr\/fr\/?p=269226"},"modified":"2025-04-20T19:22:44","modified_gmt":"2025-04-20T19:22:44","slug":"lunion-nationale-du-patronat-mauritanien-organise-un-diner-pour-discuter-des-resultats-de-lexpo-mauritanie-2025","status":"publish","type":"post","link":"https:\/\/ami.mr\/fr\/archives\/269226","title":{"rendered":"L\u2019Union Nationale du Patronat Mauritanien organise un d\u00eener pour discuter des r\u00e9sultats de l&#8217;Expo Mauritanie 2025"},"content":{"rendered":"<div class=\"row\"><\/div>\n<div class=\"row\">\n<div class=\"cell auto-size\">\n<div class=\"set-border bd-gray padding10 margin10 no-margin-right no-margin-left \" dir=\"ltr\">\n<p>L\u2019Union Nationale du Patronat Mauritanien (UNPM) a organis\u00e9 samedi soir \u00e0 Nouakchott, un d\u00eener pour discuter des r\u00e9sultats et des retomb\u00e9es de la deuxi\u00e8me \u00e9dition de \u00ab Expo Mauritanie 2025 \u00bb.<\/p>\n<p><img decoding=\"async\" class=\"size-medium wp-image-269228 alignleft\" src=\"https:\/\/ami.mr\/fr\/wp-content\/uploads\/2025\/04\/20-04-2025-s008-300x200.jpg\" alt=\"\" width=\"300\" height=\"200\" srcset=\"https:\/\/ami.mr\/fr\/wp-content\/uploads\/2025\/04\/20-04-2025-s008-300x200.jpg 300w, https:\/\/ami.mr\/fr\/wp-content\/uploads\/2025\/04\/20-04-2025-s008-768x512.jpg 768w, https:\/\/ami.mr\/fr\/wp-content\/uploads\/2025\/04\/20-04-2025-s008.jpg 800w\" sizes=\"(max-width: 300px) 100vw, 300px\" \/><\/p>\n<p>Prenant la parole \u00e0 cette occasion, le ministre de la formation professionnelle, de l&#8217;artisanat et des m\u00e9tiers, M. Mohamed Maalainine Ould Eyih, a f\u00e9licit\u00e9 l&#8217;Union nationale du patronat mauritanien pour la r\u00e9ussite de cette manifestation qui a montr\u00e9 que le secteur priv\u00e9 mauritanien a \u00e9t\u00e9 mis sur les rails du d\u00e9veloppement et que ses interventions englobent tous les domaines du d\u00e9veloppement, comme en t\u00e9moigne cette exposition distingu\u00e9e.<\/p>\n<p>Il a ajout\u00e9 que les r\u00e9sultats de l&#8217;exposition montrent que le programme du Pr\u00e9sident de la R\u00e9publique dans son premier mandat a mis l&#8217;accent sur les opportunit\u00e9s d&#8217;investissement les plus prometteuses dans l&#8217;\u00e9conomie, soulignant que cet effort a \u00e9t\u00e9 renforc\u00e9 au cours du deuxi\u00e8me mandat, en mettant l&#8217;accent sur l&#8217;\u00e9conomie, en fournissant divers facteurs de succ\u00e8s et en am\u00e9liorant le climat des affaires.<\/p>\n<p>Le ministre de la formation professionnelle, de l&#8217;artisanat et des m\u00e9tiers a soulign\u00e9 que le secteur priv\u00e9 mauritanien est \u00e0 la hauteur des enjeux, ce qui a \u00e9t\u00e9 d\u00e9montr\u00e9 lors du dernier programme du Ramadan, notamment dans le secteur agricole, qui a pu r\u00e9pondre aux besoins du pays en l\u00e9gumes pendant le mois sacr\u00e9 du Ramadan \u00e0 des prix raisonnables.<\/p>\n<p>Il a mis en relief la relation entre la qualit\u00e9 des r\u00e9sultats de la formation et l&#8217;am\u00e9lioration de la productivit\u00e9 et de la production, avant de passer en revue, \u00e0 cet \u00e9gard, les possibilit\u00e9s attendues pour augmenter les m\u00e9thodes et les ratios de formation sur la base du programme du Pr\u00e9sident de la R\u00e9publique, Son Excellence Monsieur Mohamed Ould Cheikh El Ghazouani \u00ab Mon ambition pour la nation \u00bb, qui vise \u00e0 cr\u00e9er 115.000 opportunit\u00e9s d&#8217;emploi.<\/p>\n<p>Le ministre de la Formation professionnelle, de l&#8217;Artisanat et des M\u00e9tiers a indiqu\u00e9 que son secteur a commenc\u00e9 \u00e0 mettre en \u0153uvre un programme visant \u00e0 fournir au secteur priv\u00e9 une main-d&#8217;\u0153uvre qualifi\u00e9e, dans le cadre duquel un accord a \u00e9t\u00e9 sign\u00e9 pour former 6.000 jeunes, hommes et femmes, afin qu&#8217;ils puissent acc\u00e9der au march\u00e9 du travail.<\/p>\n<p>Il a pass\u00e9 en revue, chiffres \u00e0 l&#8217;appui, les taux \u00e9lev\u00e9s de formation avant de parler du programme de son secteur et des efforts li\u00e9s au syst\u00e8me de formation.<\/p>\n<p><img decoding=\"async\" class=\"size-medium wp-image-269227 alignleft\" src=\"https:\/\/ami.mr\/fr\/wp-content\/uploads\/2025\/04\/20-04-2025-s007-300x200.jpg\" alt=\"\" width=\"300\" height=\"200\" srcset=\"https:\/\/ami.mr\/fr\/wp-content\/uploads\/2025\/04\/20-04-2025-s007-300x200.jpg 300w, https:\/\/ami.mr\/fr\/wp-content\/uploads\/2025\/04\/20-04-2025-s007-768x512.jpg 768w, https:\/\/ami.mr\/fr\/wp-content\/uploads\/2025\/04\/20-04-2025-s007.jpg 800w\" sizes=\"(max-width: 300px) 100vw, 300px\" \/><\/p>\n<p>Le ministre de l&#8217;\u00e9nergie et du p\u00e9trole, M. Mohamed Ould Khaled, a ax\u00e9 son discours sur l&#8217;\u00e9nergie et l&#8217;importance de la fournir \u00e0 des prix abordables pour d\u00e9velopper l&#8217;industrie.<\/p>\n<p>Il a indiqu\u00e9 que le gouvernement travaille actuellement sur de vastes programmes visant \u00e0 fournir de l&#8217;\u00e9nergie \u00e0 des prix abordables, insistant sur un certain nombre de d\u00e9fis li\u00e9s \u00e0 la production et \u00e0 la distribution, \u00e0 la r\u00e9forme de la soci\u00e9t\u00e9 mauritanienne d&#8217;\u00e9lectricit\u00e9 en d\u00e9veloppant les ressources humaines et l&#8217;acc\u00e8s au financement, et \u00e0 la r\u00e9duction des co\u00fbts de production afin de r\u00e9duire les prix.<\/p>\n<p>Le gouvernement travaille \u00e0 l&#8217;augmentation de la production d&#8217;\u00e9lectricit\u00e9 dans les ann\u00e9es \u00e0 venir, a-t-il dit, en pr\u00e9sentant des programmes et des projets qui seront lanc\u00e9s prochainement.<\/p>\n<p>En ce qui concerne la distribution, le ministre de l&#8217;\u00e9nergie et du p\u00e9trole a indiqu\u00e9 que des lignes de transport d&#8217;\u00e9lectricit\u00e9 seront construites de Nouakchott \u00e0 l&#8217;est jusqu&#8217;\u00e0 N\u00e9ma et de Nouakchott au nord jusqu&#8217;\u00e0 Zouerat, ce qui ouvrira des perspectives prometteuses pour le d\u00e9veloppement de l&#8217;\u00e9conomie gr\u00e2ce \u00e0 l&#8217;acc\u00e8s \u00e0 l&#8217;\u00e9lectricit\u00e9.<\/p>\n<p>En ce qui concerne la Soci\u00e9t\u00e9 mauritanienne d&#8217;\u00e9lectricit\u00e9, le ministre a indiqu\u00e9 que des travaux sont actuellement en cours pour am\u00e9liorer ses performances techniques, technico-commerciales, qui seront achev\u00e9es dans les prochaines ann\u00e9es.<\/p>\n<p>S&#8217;exprimant pour la m\u00eame occasion, le pr\u00e9sident de l&#8217;Union nationale du patronat mauritanien, M. Mohamed Zine El Abidine Ould Cheikh Ahmed, a soulign\u00e9 que l&#8217;Expo Mauritanie 2025 constitue une plateforme importante pour mettre en exergue les r\u00e9alisations du secteur priv\u00e9 national et ses efforts dans le domaine du d\u00e9veloppement \u00e9conomique.<\/p>\n<p>Il a indiqu\u00e9 que le climat de confiance et d&#8217;interaction entre les secteurs priv\u00e9 et public et les efforts importants d\u00e9ploy\u00e9s dans ce domaine permettront de construire une industrie nationale r\u00e9pondant aux besoins du march\u00e9 national et capable d&#8217;\u00eatre comp\u00e9titive, de cr\u00e9er des emplois et de promouvoir les exportations.<\/p>\n<p>Il a expliqu\u00e9 que les exposants ont d\u00e9montr\u00e9 par leur cr\u00e9ativit\u00e9 et la qualit\u00e9 de leurs produits que la Mauritanie dispose de capacit\u00e9s industrielles et commerciales prometteuses, capables d&#8217;\u00eatre comp\u00e9titives sur les march\u00e9s r\u00e9gionaux et internationaux.<\/p>\n<p>Il a soulign\u00e9 que l&#8217;ampleur de cette \u00e9dition, le grand nombre de participants et le nombre de nouveaux produits expos\u00e9s pendant les jours de l&#8217;exposition sont la meilleure preuve de la vitalit\u00e9 de notre \u00e9conomie et de sa capacit\u00e9 \u00e0 se d\u00e9velopper.<\/p>\n<p>La c\u00e9r\u00e9monie a vu l&#8217;organisation de deux tables rondes auxquelles ont particip\u00e9 plusieurs acteurs \u00e9conomiques.<\/p>\n<p>Elle s&#8217;est d\u00e9roul\u00e9e en pr\u00e9sence du Ministre de l&#8217;Agriculture et de la Souverainet\u00e9 Alimentaire et de nombreux acteurs \u00e9conomiques des secteurs public et priv\u00e9.<\/p>\n<\/div>\n<\/div>\n<\/div>\n","protected":false},"excerpt":{"rendered":"<p>L\u2019Union Nationale du Patronat Mauritanien (UNPM) a organis\u00e9 samedi soir \u00e0 Nouakchott, un d\u00eener pour discuter des r\u00e9sultats et des retomb\u00e9es de la deuxi\u00e8me \u00e9dition de \u00ab Expo Mauritanie 2025 \u00bb. Prenant la parole \u00e0 cette occasion, le ministre de la formation professionnelle, de l&#8217;artisanat et des m\u00e9tiers, M. Mohamed Maalainine Ould Eyih, a f\u00e9licit\u00e9 [&hellip;]<\/p>\n","protected":false},"author":8,"featured_media":269229,"comment_status":"open","ping_status":"open","sticky":false,"template":"","format":"standard","meta":{"footnotes":""},"categories":[63920,63957],"tags":[],"class_list":["post-269226","post","type-post","status-publish","format-standard","has-post-thumbnail","hentry","category-a-la-une","category-fil-dactualite"],"_links":{"self":[{"href":"https:\/\/ami.mr\/fr\/wp-json\/wp\/v2\/posts\/269226","targetHints":{"allow":["GET"]}}],"collection":[{"href":"https:\/\/ami.mr\/fr\/wp-json\/wp\/v2\/posts"}],"about":[{"href":"https:\/\/ami.mr\/fr\/wp-json\/wp\/v2\/types\/post"}],"author":[{"embeddable":true,"href":"https:\/\/ami.mr\/fr\/wp-json\/wp\/v2\/users\/8"}],"replies":[{"embeddable":true,"href":"https:\/\/ami.mr\/fr\/wp-json\/wp\/v2\/comments?post=269226"}],"version-history":[{"count":1,"href":"https:\/\/ami.mr\/fr\/wp-json\/wp\/v2\/posts\/269226\/revisions"}],"predecessor-version":[{"id":269230,"href":"https:\/\/ami.mr\/fr\/wp-json\/wp\/v2\/posts\/269226\/revisions\/269230"}],"wp:featuredmedia":[{"embeddable":true,"href":"https:\/\/ami.mr\/fr\/wp-json\/wp\/v2\/media\/269229"}],"wp:attachment":[{"href":"https:\/\/ami.mr\/fr\/wp-json\/wp\/v2\/media?parent=269226"}],"wp:term":[{"taxonomy":"category","embeddable":true,"href":"https:\/\/ami.mr\/fr\/wp-json\/wp\/v2\/categories?post=269226"},{"taxonomy":"post_tag","embeddable":true,"href":"https:\/\/ami.mr\/fr\/wp-json\/wp\/v2\/tags?post=269226"}],"curies":[{"name":"wp","href":"https:\/\/api.w.org\/{rel}","templated":true}]}}