{"id":269198,"date":"2025-04-19T20:32:53","date_gmt":"2025-04-19T20:32:53","guid":{"rendered":"https:\/\/ami.mr\/fr\/?p=269198"},"modified":"2025-04-21T13:35:08","modified_gmt":"2025-04-21T13:35:08","slug":"signature-dun-protocole-daccord-entre-les-producteurs-agricoles-nationaux-et-les-distributeurs-de-legumes-pour-la-commercialisation-du-produit-national","status":"publish","type":"post","link":"https:\/\/ami.mr\/fr\/archives\/269198","title":{"rendered":"Signature d&#8217;un protocole d&#8217;accord entre les producteurs agricoles nationaux et les distributeurs de l\u00e9gumes pour la commercialisation du produit national"},"content":{"rendered":"<div class=\"row\">\n<div class=\"cell auto-size bd-gray\" dir=\"ltr\"><\/div>\n<\/div>\n<div class=\"row\">\n<div class=\"cell auto-size\">\n<div class=\"set-border bd-gray padding10 margin10 no-margin-right no-margin-left \" dir=\"ltr\">\n<p>Mme Zeinebou Ahmednah, ministre du commerce et du tourisme, M. Moma Beibati, ministre de l&#8217;agriculture et de la souverainet\u00e9 alimentaire, et M. Mohamed Zine El Abidine Cheikh Ahmed, pr\u00e9sident de l&#8217;union nationale du patronat mauritanien, ont proc\u00e9d\u00e9, samedi au minist\u00e8re du commerce et du tourisme, \u00e0 la signature d&#8217;un protocole d&#8217;accord entre les producteurs agricoles nationaux et les distributeurs de l\u00e9gumes en vue de commercialiser la production nationale de ce produit vital.<\/p>\n<p>La signature de cet accord intervient en application des directives de Son Excellence le Pr\u00e9sident de la R\u00e9publique Monsieur Mohamed Ould Cheikh Al Ghazouani, visant le renforcement de la souverainet\u00e9 alimentaire et la r\u00e9alisation de l&#8217;autosuffisance alimentaire.<\/p>\n<p>L&#8217;accord, qui entrera en vigueur \u00e0 partir de la date de sa signature, garantit la commercialisation de la production nationale de pommes de terre et des oignons et l&#8217;engagement des producteurs, des importateurs et des distributeurs \u00e0 \u0153uvrer pour \u00e9viter les ruptures de stock ou les fluctuations de prix et \u00e0 fournir le produit \u00e0 des prix \u00e9conomiquement acceptables.<\/p>\n<p>En vertu de ce m\u00e9morandum, les importateurs et les repr\u00e9sentants de l&#8217;Union nationale des distributeurs de pommes de terre et d&#8217;oignons se sont engag\u00e9s \u00e0 acheter la production nationale disponible de ces mati\u00e8res conform\u00e9ment aux normes de qualit\u00e9 convenues, \u00e0 les emballer en indiquant l&#8217;origine du produit et \u00e0 s&#8217;engager \u00e0 respecter les prix fix\u00e9s pour le commerce de gros (oignons 14 ouguiyas pour le kilogramme et pommes de terre 15 ouguiyas pour le kilogramme).<\/p>\n<p>Il a \u00e9t\u00e9 convenu de fixer le prix de vente au d\u00e9tail \u00e0 25 ouguiyas pour le kilogramme de pommes de terre et \u00e0 24 ouguiyas pour le kilogramme d&#8217;oignons afin de soutenir le pouvoir d&#8217;achat des citoyens.<\/p>\n<p>Selon le protocole d&#8217;accord, un comit\u00e9 a \u00e9t\u00e9 cr\u00e9\u00e9 pour assurer le suivi de la mise en \u0153uvre de l&#8217;accord, comprenant la direction de la protection des consommateurs et de la r\u00e9pression des fraudes, repr\u00e9sentant le minist\u00e8re du commerce et du tourisme la Soci\u00e9t\u00e9 Nationale de D\u00e9veloppement Rural repr\u00e9sentant le Minist\u00e8re de l&#8217;Agriculture et de la Souverainet\u00e9 Alimentaire, ainsi qu&#8217;un repr\u00e9sentant de la F\u00e9d\u00e9ration de l&#8217;Agriculture, qui regroupe les parties signataires, \u00e0 savoir le Groupement Itghane, la F\u00e9d\u00e9ration Nationale des Professions Horticoles, et le Syndicat des Importateurs.<\/p>\n<\/div>\n<\/div>\n<\/div>\n","protected":false},"excerpt":{"rendered":"<p>Mme Zeinebou Ahmednah, ministre du commerce et du tourisme, M. Moma Beibati, ministre de l&#8217;agriculture et de la souverainet\u00e9 alimentaire, et M. Mohamed Zine El Abidine Cheikh Ahmed, pr\u00e9sident de l&#8217;union nationale du patronat mauritanien, ont proc\u00e9d\u00e9, samedi au minist\u00e8re du commerce et du tourisme, \u00e0 la signature d&#8217;un protocole d&#8217;accord entre les producteurs agricoles [&hellip;]<\/p>\n","protected":false},"author":8,"featured_media":269199,"comment_status":"open","ping_status":"open","sticky":false,"template":"","format":"standard","meta":{"footnotes":""},"categories":[63920,63957,63923,8672],"tags":[],"class_list":["post-269198","post","type-post","status-publish","format-standard","has-post-thumbnail","hentry","category-a-la-une","category-fil-dactualite","category-slider-wilayas","category-8672"],"_links":{"self":[{"href":"https:\/\/ami.mr\/fr\/wp-json\/wp\/v2\/posts\/269198","targetHints":{"allow":["GET"]}}],"collection":[{"href":"https:\/\/ami.mr\/fr\/wp-json\/wp\/v2\/posts"}],"about":[{"href":"https:\/\/ami.mr\/fr\/wp-json\/wp\/v2\/types\/post"}],"author":[{"embeddable":true,"href":"https:\/\/ami.mr\/fr\/wp-json\/wp\/v2\/users\/8"}],"replies":[{"embeddable":true,"href":"https:\/\/ami.mr\/fr\/wp-json\/wp\/v2\/comments?post=269198"}],"version-history":[{"count":1,"href":"https:\/\/ami.mr\/fr\/wp-json\/wp\/v2\/posts\/269198\/revisions"}],"predecessor-version":[{"id":269200,"href":"https:\/\/ami.mr\/fr\/wp-json\/wp\/v2\/posts\/269198\/revisions\/269200"}],"wp:featuredmedia":[{"embeddable":true,"href":"https:\/\/ami.mr\/fr\/wp-json\/wp\/v2\/media\/269199"}],"wp:attachment":[{"href":"https:\/\/ami.mr\/fr\/wp-json\/wp\/v2\/media?parent=269198"}],"wp:term":[{"taxonomy":"category","embeddable":true,"href":"https:\/\/ami.mr\/fr\/wp-json\/wp\/v2\/categories?post=269198"},{"taxonomy":"post_tag","embeddable":true,"href":"https:\/\/ami.mr\/fr\/wp-json\/wp\/v2\/tags?post=269198"}],"curies":[{"name":"wp","href":"https:\/\/api.w.org\/{rel}","templated":true}]}}