{"id":269192,"date":"2025-04-19T19:26:43","date_gmt":"2025-04-19T19:26:43","guid":{"rendered":"https:\/\/ami.mr\/fr\/?p=269192"},"modified":"2025-04-21T13:19:16","modified_gmt":"2025-04-21T13:19:16","slug":"organisation-dun-symposium-sur-la-migration-opportunites-et-defis","status":"publish","type":"post","link":"https:\/\/ami.mr\/fr\/archives\/269192","title":{"rendered":"Organisation d\u2019un symposium sur la migration &#8230; Opportunit\u00e9s et d\u00e9fis"},"content":{"rendered":"<div class=\"row\"><\/div>\n<div class=\"row\">\n<div class=\"cell auto-size\">\n<div class=\"set-border bd-gray padding10 margin10 no-margin-right no-margin-left \" dir=\"ltr\">\n<p>Le bureau des recherches (SISTA), en partenariat avec l&#8217;organisation africaine des \u00e9tudes statistiques, a organis\u00e9, samedi, \u00e0 Nouakchott un s\u00e9minaire intitul\u00e9 : \u00ab La migration en Mauritanie : opportunit\u00e9s \u00e9conomiques ou menaces multiples \u00bb.<\/p>\n<p>A cette occasion, Dr Cheikh Saad Bouh Kamara a donn\u00e9 une conf\u00e9rence au cours de laquelle il a fait un expos\u00e9 sur le ph\u00e9nom\u00e8ne de la migration en g\u00e9n\u00e9ral, les raisons et les motifs, et le statut des migrants dans le pays, qu&#8217;ils soient r\u00e9sidents ou en transit.<\/p>\n<p>Il a soulign\u00e9 que les donn\u00e9es de l&#8217;Organisation internationale pour les migrations (OIM) pour l&#8217;ann\u00e9e 2023 indiquent qu&#8217;environ 80 % des migrations africaines se produisent \u00e0 l&#8217;int\u00e9rieur du continent et dans les pays d&#8217;Afrique de l&#8217;Ouest, en particulier dans la r\u00e9gion du Sahel, en raison de consid\u00e9rations \u00e9conomiques dues \u00e0 la d\u00e9t\u00e9rioration des conditions \u00e9conomiques et \u00e0 la propagation des guerres sectaires, ethniques et religieuses, en plus des effets n\u00e9gatifs du changement climatique.<\/p>\n<p>L&#8217;Afrique est un point de transit pour les migrations vers l&#8217;Europe et le Moyen-Orient, car les routes migratoires passent par les pays d&#8217;Afrique du Nord et de l&#8217;Ouest, en plus de nouvelles et multiples routes migratoires choisies par les passeurs, a-t-il dit, notant que ces conditions n\u00e9cessitent le besoin de vigilance et de rigueur dans la promulgation des lois.<\/p>\n<p>La Mauritanie est strat\u00e9giquement situ\u00e9e entre l&#8217;Afrique du Nord et l&#8217;Afrique subsaharienne, ce qui en fait un pays de transit et une destination pour de nombreux migrants, a-t-il d\u00e9clar\u00e9, notant qu&#8217;elle accueille environ 75 000 migrants, principalement d&#8217;Afrique de l&#8217;Ouest et de la r\u00e9gion du Sahel, selon les projections de l&#8217;Organisation internationale pour les migrations (OIM) pour 2023.<\/p>\n<p>Au d\u00e9but de l&#8217;ann\u00e9e 2025, des d\u00e9clarations officielles ont indiqu\u00e9 la pr\u00e9sence de plus de 500 000 migrants dans le pays, dont la plupart sont en situation irr\u00e9guli\u00e8re, a-t-il dit, notant que le nombre de migrants a \u00e9t\u00e9 multipli\u00e9 par plus de six en deux ans, ce qui est tr\u00e8s pr\u00e9occupant pour les Mauritaniens.<\/p>\n<p>Les donn\u00e9es de la Banque mondiale pour 2023 indiquent que les migrants repr\u00e9sentent environ 9 % de la population active en Mauritanie, et qu&#8217;ils travaillent principalement dans les secteurs de l&#8217;agriculture, de la p\u00eache et des secteurs informels, a-t-il pr\u00e9cis\u00e9.<\/p>\n<p>Il a soulign\u00e9 que les migrants mauritaniens \u00e0 l&#8217;\u00e9tranger se trouvent en France, en Espagne et dans les pays du Golfe, notant que leurs envois de fonds repr\u00e9sentaient 8 % du PIB en 2022, selon la Banque centrale de Mauritanie.<\/p>\n<p>Dans une intervention pr\u00e9c\u00e9dente, le directeur g\u00e9n\u00e9ral de SISTA, M. Abdallahi Ahmed Fall, a \u00e9voqu\u00e9 l&#8217;importance des donn\u00e9es statistiques et des sondages d&#8217;opinion dans la prise de d\u00e9cision, soulignant leur importance pour les experts, les universitaires, les chercheurs et le grand public.<\/p>\n<p>Des experts, des consultants, des journalistes, des repr\u00e9sentants d&#8217;organisations de la soci\u00e9t\u00e9 civile et un certain nombre d&#8217;\u00e9tudiants en recherche ont particip\u00e9 \u00e0 la r\u00e9union.<\/p>\n<\/div>\n<\/div>\n<\/div>\n","protected":false},"excerpt":{"rendered":"<p>Le bureau des recherches (SISTA), en partenariat avec l&#8217;organisation africaine des \u00e9tudes statistiques, a organis\u00e9, samedi, \u00e0 Nouakchott un s\u00e9minaire intitul\u00e9 : \u00ab La migration en Mauritanie : opportunit\u00e9s \u00e9conomiques ou menaces multiples \u00bb. A cette occasion, Dr Cheikh Saad Bouh Kamara a donn\u00e9 une conf\u00e9rence au cours de laquelle il a fait un expos\u00e9 [&hellip;]<\/p>\n","protected":false},"author":8,"featured_media":269193,"comment_status":"open","ping_status":"open","sticky":false,"template":"","format":"standard","meta":{"footnotes":""},"categories":[63918,104,63957],"tags":[],"class_list":["post-269192","post","type-post","status-publish","format-standard","has-post-thumbnail","hentry","category-autres","category-104","category-fil-dactualite"],"_links":{"self":[{"href":"https:\/\/ami.mr\/fr\/wp-json\/wp\/v2\/posts\/269192","targetHints":{"allow":["GET"]}}],"collection":[{"href":"https:\/\/ami.mr\/fr\/wp-json\/wp\/v2\/posts"}],"about":[{"href":"https:\/\/ami.mr\/fr\/wp-json\/wp\/v2\/types\/post"}],"author":[{"embeddable":true,"href":"https:\/\/ami.mr\/fr\/wp-json\/wp\/v2\/users\/8"}],"replies":[{"embeddable":true,"href":"https:\/\/ami.mr\/fr\/wp-json\/wp\/v2\/comments?post=269192"}],"version-history":[{"count":1,"href":"https:\/\/ami.mr\/fr\/wp-json\/wp\/v2\/posts\/269192\/revisions"}],"predecessor-version":[{"id":269194,"href":"https:\/\/ami.mr\/fr\/wp-json\/wp\/v2\/posts\/269192\/revisions\/269194"}],"wp:featuredmedia":[{"embeddable":true,"href":"https:\/\/ami.mr\/fr\/wp-json\/wp\/v2\/media\/269193"}],"wp:attachment":[{"href":"https:\/\/ami.mr\/fr\/wp-json\/wp\/v2\/media?parent=269192"}],"wp:term":[{"taxonomy":"category","embeddable":true,"href":"https:\/\/ami.mr\/fr\/wp-json\/wp\/v2\/categories?post=269192"},{"taxonomy":"post_tag","embeddable":true,"href":"https:\/\/ami.mr\/fr\/wp-json\/wp\/v2\/tags?post=269192"}],"curies":[{"name":"wp","href":"https:\/\/api.w.org\/{rel}","templated":true}]}}