{"id":269058,"date":"2025-04-17T18:44:29","date_gmt":"2025-04-17T18:44:29","guid":{"rendered":"https:\/\/ami.mr\/fr\/?p=269058"},"modified":"2025-04-17T18:44:29","modified_gmt":"2025-04-17T18:44:29","slug":"la-premiere-dame-supervise-la-remise-des-diplomes-de-la-5eme-promotion-du-centre-safia","status":"publish","type":"post","link":"https:\/\/ami.mr\/fr\/archives\/269058","title":{"rendered":"La Premi\u00e8re Dame supervise la remise des dipl\u00f4mes de la 5\u00e8me promotion du Centre Safia"},"content":{"rendered":"<p>La Premi\u00e8re Dame Dr. Mari\u00e8me Dah a supervis\u00e9, jeudi \u00e0 Nouakchott, la remise des dipl\u00f4mes de la 5\u00e8me promotion du Centre Safia.<\/p>\n<p>Cette promotion, qui a b\u00e9n\u00e9fici\u00e9 d\u2019une formation d\u2019une ann\u00e9e, est compos\u00e9e de 300 \u00e9tudiants repartis entre les disciplines suivantes : le journalisme, les langues, la d\u00e9couverte du monde, l&#8217;informatique, la cosm\u00e9tologie, la fabrication du savon, l&#8217;alimentation saine, l&#8217;agriculture dans le milieu urbain et la couture.<\/p>\n<p>Au cours de la c\u00e9r\u00e9monie, la Premi\u00e8re Dame a assist\u00e9 \u00e0 la projection d\u2019un documentaire sur les r\u00e9alisations du centre, ses zones d&#8217;intervention et ses perspectives d&#8217;avenir en en faisant un espace pionnier et ouvert aux jeunes et aux femmes afin de leur donner les outils d&#8217;un changement positif, priorisant la formation professionnelle et technique au profit des jeunes, en particulier, des filles, dans des domaines prometteurs, tels que la technologie, l&#8217;entrepreneuriat, l&#8217;artisanat moderne, le lancement de programmes de citoyennet\u00e9 et d&#8217;initiatives citoyennes visant \u00e0 renforcer la participation \u00e0 la vie publique, \u00e0 d\u00e9velopper un sens du leadership parmi les groupes de jeunes, et \u00e0 \u00e9tablir des partenariats durables avec des organisations nationales et internationales..<\/p>\n<p>Dans une d\u00e9claration \u00e0 l&#8217;issue de la c\u00e9r\u00e9monie, la Premi\u00e8re Dame a soulign\u00e9 l&#8217;importance de chaque initiative qui contribue \u00e0 l&#8217;int\u00e9gration et \u00e0 l&#8217;encadrement des filles, am\u00e9liorant leur acc\u00e8s au march\u00e9 du travail, en particulier, les filles victimes de dislocation familiale et de d\u00e9perdition scolaire, saluant l&#8217;effort consid\u00e9rable consenti par cette association dans ce domaine, exhortant les milieux concern\u00e9s \u00e0 \u0153uvrer pour aider ces jeunes, les poussant \u00e0 participer activement \u00e0 la vie active.<\/p>\n<p><img decoding=\"async\" class=\"size-medium wp-image-269060 alignleft\" src=\"https:\/\/ami.mr\/fr\/wp-content\/uploads\/2025\/04\/111-300x173.jpg\" alt=\"\" width=\"300\" height=\"173\" srcset=\"https:\/\/ami.mr\/fr\/wp-content\/uploads\/2025\/04\/111-300x173.jpg 300w, https:\/\/ami.mr\/fr\/wp-content\/uploads\/2025\/04\/111-1024x589.jpg 1024w, https:\/\/ami.mr\/fr\/wp-content\/uploads\/2025\/04\/111-768x442.jpg 768w, https:\/\/ami.mr\/fr\/wp-content\/uploads\/2025\/04\/111-1536x883.jpg 1536w, https:\/\/ami.mr\/fr\/wp-content\/uploads\/2025\/04\/111-2048x1178.jpg 2048w, https:\/\/ami.mr\/fr\/wp-content\/uploads\/2025\/04\/111-750x430.jpg 750w\" sizes=\"(max-width: 300px) 100vw, 300px\" \/>Elle a salu\u00e9 les efforts d\u00e9ploy\u00e9s par le gouvernement mauritanien en soutien aux groupes vuln\u00e9rables, en plus de l\u2019assistance fournie \u00e0 cette association pour mener \u00e0 bien ses programmes et projets dans ce domaine.<\/p>\n<p>La ministre de l&#8217;Autonomisation de la Jeunesse, de l&#8217;Emploi, des Sports et du Service civique, M. Mohamed Abdallahi Ould Louli, a indiqu\u00e9 que le programme de Son Excellence le Pr\u00e9sident de la R\u00e9publique, Monsieur Mohamed Ould Cheikh El Ghazouani, \u2018\u2019mon ambition pour la patrie\u2019\u2019, vise \u00e0 lancer des r\u00e9formes audacieuses afin de cr\u00e9er un environnement permettant aux jeunes de contribuer efficacement \u00e0 la croissance \u00e9conomique et au d\u00e9veloppement du pays, ce qui se traduit dans la politique g\u00e9n\u00e9rale et les programmes du gouvernement..<\/p>\n<p>Il a soulign\u00e9 que l&#8217;autonomisation des jeunes se fait selon l&#8217;approche adopt\u00e9e par le gouvernement, qui repose sur cinq axes, dont la participation \u00e9conomique \u00e0 travers les politiques d&#8217;emploi et l&#8217;investissement dans les infrastructures, qui est une base indispensable pour ouvrir des perspectives de d\u00e9veloppement \u00e0 notre jeunesse, en plus de la participation politique et des programmes du service civique mis en \u0153uvre par le d\u00e9partement.<\/p>\n<p>Il a soulign\u00e9 que le salon de l&#8217;emploi a pass\u00e9 en revue le programme du d\u00e9partement dans le domaine de l&#8217;emploi en pr\u00e9sentant les r\u00e9alisations accomplies dans les domaines de la jeunesse et des sports, dont une piscine olympique d&#8217;une capacit\u00e9 de 1 000 places actuellement en cours de r\u00e9alisation, en plus d\u2019aires de jeux, \u00e9galement en cours de construction dans la zone portuaire et \u00e0 Sebkha, la cr\u00e9ation d&#8217;une salle polyvalente dans la moughataa d&#8217;Arafat, ainsi que de la r\u00e9habilitation de foyers d\u00e9di\u00e9s aux jeunes.<\/p>\n<p>Dans une allocution prononc\u00e9e plus t\u00f4t, le pr\u00e9sident du Centre Safia, M. Hamma Souvi, a indiqu\u00e9 que ce Centre, apr\u00e8s des ann\u00e9es d&#8217;efforts inlassables, a \u00e9t\u00e9 reconnue par l&#8217;Etat, qui l\u2019adopt\u00e9 en tant que centre d&#8217;utilit\u00e9 publique, conform\u00e9ment aux hautes directives de Son Excellence le Pr\u00e9sident de la R\u00e9publique, Monsieur Mohamed Ould Cheikh El Ghazouani, permettant ainsi aux g\u00e9n\u00e9rations futures d&#8217;adh\u00e9rer aux valeurs de synergie, d&#8217;\u00e9galit\u00e9 et d&#8217;action, que le Centre Safia cherche \u00e0 incarner.<\/p>\n<p>Il a ajout\u00e9 que la pr\u00e9sence de la Premi\u00e8re Dame repr\u00e9sente un message symbolique fort et une reconnaissance officielle du soutien de l&#8217;\u00c9tat aux questions de la jeunesse, en g\u00e9n\u00e9ral, et des femmes, en particulier, en ce qui concerne l&#8217;autonomisation \u00e9conomique et la formation professionnelle, car il s&#8217;agit d&#8217;une r\u00e9elle appr\u00e9ciation des efforts des initiatives des jeunes sur le terrain, mat\u00e9rialisant un impact tangible sur la vie des populations b\u00e9n\u00e9ficiaires, et encouragent la soci\u00e9t\u00e9 civile \u00e0 continuer \u00e0 travailler, convaincus que leurs voix seront entendues et appr\u00e9ci\u00e9es par les hautes autorit\u00e9s de l&#8217;\u00c9tat.<\/p>\n<p>M. Souvi a soulign\u00e9 que le Centre a pu \u00e9tablir des partenariats durables avec des organisations nationales et internationales en vue d&#8217;\u00e9largir son cercle d&#8217;influence et d&#8217;offrir davantage d&#8217;opportunit\u00e9s de formation et d\u2019emploi, en en \u00e9largissant les services pour inclure de nouvelles Wilayas du pays, en particulier, parmi les couches fragiles, pr\u00e9cisant que le Centre cherche \u00e0 cr\u00e9er un espace permanent de dialogue et d&#8217;\u00e9change culturel entre les composantes de la soci\u00e9t\u00e9, afin de consolider les valeurs de tol\u00e9rance et de citoyennet\u00e9 entre les segments de la soci\u00e9t\u00e9.<\/p>\n<p>Notons que le Conseil des ministres a adopt\u00e9, au cours de sa r\u00e9union d&#8217;hier, un projet de d\u00e9cret reconnaissant l&#8217;Association du Centre Safia, cr\u00e9\u00e9e en 2019, comme une Association d&#8217;utilit\u00e9 publique, lui permettant de b\u00e9n\u00e9ficier des avantages dont jouissent les Associations d&#8217;utilit\u00e9 publique.<\/p>\n<p>La c\u00e9r\u00e9monie de remise des dipl\u00f4mes s&#8217;est d\u00e9roul\u00e9e en pr\u00e9sence du ministre de la Formation Professionnelle, de l&#8217;Artisanat et des M\u00e9tiers, du wali de Nouakchott Ouest, du hakem et du maire.<\/p>\n","protected":false},"excerpt":{"rendered":"<p>La Premi\u00e8re Dame Dr. Mari\u00e8me Dah a supervis\u00e9, jeudi \u00e0 Nouakchott, la remise des dipl\u00f4mes de la 5\u00e8me promotion du Centre Safia. Cette promotion, qui a b\u00e9n\u00e9fici\u00e9 d\u2019une formation d\u2019une ann\u00e9e, est compos\u00e9e de 300 \u00e9tudiants repartis entre les disciplines suivantes : le journalisme, les langues, la d\u00e9couverte du monde, l&#8217;informatique, la cosm\u00e9tologie, la fabrication [&hellip;]<\/p>\n","protected":false},"author":5,"featured_media":269059,"comment_status":"open","ping_status":"open","sticky":false,"template":"","format":"standard","meta":{"footnotes":""},"categories":[63957,63959,63921,63927],"tags":[],"class_list":["post-269058","post","type-post","status-publish","format-standard","has-post-thumbnail","hentry","category-fil-dactualite","category-mauritanie","category-slider-afficher","category-slider-mauritanie"],"_links":{"self":[{"href":"https:\/\/ami.mr\/fr\/wp-json\/wp\/v2\/posts\/269058","targetHints":{"allow":["GET"]}}],"collection":[{"href":"https:\/\/ami.mr\/fr\/wp-json\/wp\/v2\/posts"}],"about":[{"href":"https:\/\/ami.mr\/fr\/wp-json\/wp\/v2\/types\/post"}],"author":[{"embeddable":true,"href":"https:\/\/ami.mr\/fr\/wp-json\/wp\/v2\/users\/5"}],"replies":[{"embeddable":true,"href":"https:\/\/ami.mr\/fr\/wp-json\/wp\/v2\/comments?post=269058"}],"version-history":[{"count":1,"href":"https:\/\/ami.mr\/fr\/wp-json\/wp\/v2\/posts\/269058\/revisions"}],"predecessor-version":[{"id":269061,"href":"https:\/\/ami.mr\/fr\/wp-json\/wp\/v2\/posts\/269058\/revisions\/269061"}],"wp:featuredmedia":[{"embeddable":true,"href":"https:\/\/ami.mr\/fr\/wp-json\/wp\/v2\/media\/269059"}],"wp:attachment":[{"href":"https:\/\/ami.mr\/fr\/wp-json\/wp\/v2\/media?parent=269058"}],"wp:term":[{"taxonomy":"category","embeddable":true,"href":"https:\/\/ami.mr\/fr\/wp-json\/wp\/v2\/categories?post=269058"},{"taxonomy":"post_tag","embeddable":true,"href":"https:\/\/ami.mr\/fr\/wp-json\/wp\/v2\/tags?post=269058"}],"curies":[{"name":"wp","href":"https:\/\/api.w.org\/{rel}","templated":true}]}}