{"id":269028,"date":"2025-04-17T14:11:27","date_gmt":"2025-04-17T14:11:27","guid":{"rendered":"https:\/\/ami.mr\/fr\/?p=269028"},"modified":"2025-04-17T14:11:27","modified_gmt":"2025-04-17T14:11:27","slug":"le-ministre-delegue-charge-du-budget-recoit-une-delegation-de-cooperation-financiere-et-de-developpement-dfc-des-etats-unis","status":"publish","type":"post","link":"https:\/\/ami.mr\/fr\/archives\/269028","title":{"rendered":"Le ministre d\u00e9l\u00e9gu\u00e9 charg\u00e9 du budget re\u00e7oit une d\u00e9l\u00e9gation de Coop\u00e9ration Financi\u00e8re et de D\u00e9veloppement (DFC) des \u00c9tats -Unis"},"content":{"rendered":"<p>Le ministre d\u00e9l\u00e9gu\u00e9 aupr\u00e8s du ministre de l\u2019\u00c9conomie et des Finances charg\u00e9 du Budget M. Codioro N\u2019guenor Moussa a re\u00e7u en audience jeudi matin dans son bureau \u00e0 Nouakchott la d\u00e9l\u00e9gation am\u00e9ricaine de la Coop\u00e9ration Financi\u00e8re et de D\u00e9veloppement (DFC).<\/p>\n<p>L\u2019audience a port\u00e9 sur le renforcement de la coop\u00e9ration entre notre pays et les \u00c9tats -unis notamment sur l\u2019opportunit\u00e9 de financement du secteur minier.<\/p>\n<p>L\u2019entrevue s\u2019est d\u00e9roul\u00e9e en pr\u00e9sence de M. Mohamed Salem Nany, directeur g\u00e9n\u00e9ral des Financements et de la Coop\u00e9ration \u00e9conomique au minist\u00e8re de l\u2019\u00c9conomie et des Finances.<\/p>\n","protected":false},"excerpt":{"rendered":"<p>Le ministre d\u00e9l\u00e9gu\u00e9 aupr\u00e8s du ministre de l\u2019\u00c9conomie et des Finances charg\u00e9 du Budget M. Codioro N\u2019guenor Moussa a re\u00e7u en audience jeudi matin dans son bureau \u00e0 Nouakchott la d\u00e9l\u00e9gation am\u00e9ricaine de la Coop\u00e9ration Financi\u00e8re et de D\u00e9veloppement (DFC). L\u2019audience a port\u00e9 sur le renforcement de la coop\u00e9ration entre notre pays et les \u00c9tats [&hellip;]<\/p>\n","protected":false},"author":17,"featured_media":269029,"comment_status":"open","ping_status":"open","sticky":false,"template":"","format":"standard","meta":{"footnotes":""},"categories":[63918,63957,63959],"tags":[],"class_list":["post-269028","post","type-post","status-publish","format-standard","has-post-thumbnail","hentry","category-autres","category-fil-dactualite","category-mauritanie"],"_links":{"self":[{"href":"https:\/\/ami.mr\/fr\/wp-json\/wp\/v2\/posts\/269028","targetHints":{"allow":["GET"]}}],"collection":[{"href":"https:\/\/ami.mr\/fr\/wp-json\/wp\/v2\/posts"}],"about":[{"href":"https:\/\/ami.mr\/fr\/wp-json\/wp\/v2\/types\/post"}],"author":[{"embeddable":true,"href":"https:\/\/ami.mr\/fr\/wp-json\/wp\/v2\/users\/17"}],"replies":[{"embeddable":true,"href":"https:\/\/ami.mr\/fr\/wp-json\/wp\/v2\/comments?post=269028"}],"version-history":[{"count":1,"href":"https:\/\/ami.mr\/fr\/wp-json\/wp\/v2\/posts\/269028\/revisions"}],"predecessor-version":[{"id":269030,"href":"https:\/\/ami.mr\/fr\/wp-json\/wp\/v2\/posts\/269028\/revisions\/269030"}],"wp:featuredmedia":[{"embeddable":true,"href":"https:\/\/ami.mr\/fr\/wp-json\/wp\/v2\/media\/269029"}],"wp:attachment":[{"href":"https:\/\/ami.mr\/fr\/wp-json\/wp\/v2\/media?parent=269028"}],"wp:term":[{"taxonomy":"category","embeddable":true,"href":"https:\/\/ami.mr\/fr\/wp-json\/wp\/v2\/categories?post=269028"},{"taxonomy":"post_tag","embeddable":true,"href":"https:\/\/ami.mr\/fr\/wp-json\/wp\/v2\/tags?post=269028"}],"curies":[{"name":"wp","href":"https:\/\/api.w.org\/{rel}","templated":true}]}}