{"id":268993,"date":"2025-04-16T19:58:55","date_gmt":"2025-04-16T19:58:55","guid":{"rendered":"https:\/\/ami.mr\/fr\/?p=268993"},"modified":"2025-04-16T19:58:55","modified_gmt":"2025-04-16T19:58:55","slug":"presentation-au-conseil-des-ministres-dune-communication-relative-au-contexte-de-mise-en-oeuvre-de-la-feuille-de-route-pour-la-transformation-durable-des-systemes-alimentaires-adoptee-en-2021","status":"publish","type":"post","link":"https:\/\/ami.mr\/fr\/archives\/268993","title":{"rendered":"Pr\u00e9sentation au Conseil des ministres d&#8217;une communication relative au contexte de mise en oeuvre de la feuille de route pour la transformation durable des syst\u00e8mes alimentaires, adopt\u00e9e en 2021,"},"content":{"rendered":"<p>Le Conseil des Ministres s&#8217;est r\u00e9uni le mercredi 16 avril 2025, sous la Pr\u00e9sidence de Son Excellence Monsieur Mohamed Ould Cheikh El-Ghazouani, Pr\u00e9sident de la R\u00e9publique.<\/p>\n<p>Le Conseil a examin\u00e9 et adopt\u00e9 les projets de d\u00e9crets suivants :<\/p>\n<p><strong>\u2010 Projet de d\u00e9cret portant reconnaissance de l\u2019ONG Centre SAFIA comme \u00ab Association d\u2019utilit\u00e9 Publique \u00bb.<\/strong><\/p>\n<p>Le pr\u00e9sent projet de d\u00e9cret vise \u00e0 reconnaitre l\u2019ONG Centre SAFIA cr\u00e9\u00e9e en 2019, comme une association d\u2019utilit\u00e9 publique, ce qui lui permettrait de b\u00e9n\u00e9ficier des avantages accord\u00e9s aux associations d\u2019utilit\u00e9 publique conform\u00e9ment aux dispositions des articles 30 \u00e0 40 de la Loi n\u00b0 2021-004 du 10 f\u00e9vrier 2021 relative aux Associations, aux Fondations et aux R\u00e9seaux.<\/p>\n<p>Ce statut conf\u00e9rera \u00e0 l\u2019ONG Centre SAFIA la possibilit\u00e9 d\u2019\u00e9largir son champ d\u2019intervention et de b\u00e9n\u00e9ficier de l\u2019assistance et de l\u2019appui des autorit\u00e9s administratives conform\u00e9ment aux dispositions l\u00e9gislatives et r\u00e9glementaires r\u00e9gissant les associations d\u00e9clar\u00e9es d\u2019utilit\u00e9 publique.<\/p>\n<p><strong>\u2010 Projet de d\u00e9cret portant concession provisoire d\u2019un terrain \u00e0 la Wilaya du Trarza, Moughataa de Keur Mac\u00e8ne au profit de la Soci\u00e9t\u00e9 SMDDR<\/strong><\/p>\n<p><strong>\u2010 Projet de d\u00e9cret portant concession provisoire d\u2019un terrain \u00e0 la Wilaya du Trarza, Moughataa de Keur Mac\u00e8ne au profit de la Soci\u00e9t\u00e9 SMDDR<\/strong><\/p>\n<p><strong>\u2010 Projet de d\u00e9cret portant concession provisoire d\u2019un terrain \u00e0 la Wilaya du Trarza, au profit de la Soci\u00e9t\u00e9 MAURIGUALI<\/strong><\/p>\n<p>L\u2019attribution de ces concessions provisoires \u00e0 des op\u00e9rateurs \u00e9conomiques dans le domaine agricole intervient en application des dispositions du d\u00e9cret n\u00b0080-2010 du 31 mars 2010 qui abroge et remplace le d\u00e9cret n\u00b0089-2000 du 17 juillet 2000, pris en application de l\u2019ordonnance n\u00b0127- 83 du 5 juin 1983 portant r\u00e9organisation fonci\u00e8re et domaniale.<\/p>\n<p>Ces attributions visent \u00e0 contribuer \u00e0 la s\u00e9curit\u00e9 alimentaire par l\u2019augmentation et la diversification de la production agricole, la cr\u00e9ation des opportunit\u00e9s d&#8217;emploi et la stimulation de l&#8217;\u00e9conomie nationale \u00e0 travers le d\u00e9veloppement et la modernisation du secteur agricole.<\/p>\n<p><strong>\u2010 Projet de d\u00e9cret portant nomination du Pr\u00e9sident et des membres du Conseil d\u2019Administration de l\u2019Office National de l\u2019Assainissement (ONAS)<\/strong><\/p>\n<p>Le Ministre des Affaires Etrang\u00e8res, de la Coop\u00e9ration Africaine et des Mauritaniens de l\u2019Ext\u00e9rieur a pr\u00e9sent\u00e9 une communication relative \u00e0 la situation internationale.<\/p>\n<p>Le Ministre de l\u2019Int\u00e9rieur, de la Promotion de la D\u00e9centralisation et du D\u00e9veloppement Local a pr\u00e9sent\u00e9 une communication relative \u00e0 la situation int\u00e9rieure.<\/p>\n<p>Le Ministre de l\u2019\u00c9conomie et des Finances et le Ministre de l\u2019Agriculture et de la Souverainet\u00e9 Alimentaire ont pr\u00e9sent\u00e9 une communication conjointe, relative au cadre de gouvernance des syst\u00e8mes alimentaires.<\/p>\n<p>La pr\u00e9sente communication relate, d\u2019une part, le contexte dans lequel la feuille de route pour la transformation durable des syst\u00e8mes alimentaires, adopt\u00e9e en 2021, a \u00e9t\u00e9 mise en \u0153uvre, en mettant en exergue les difficult\u00e9s rencontr\u00e9es, et d\u2019autre part, les d\u00e9fis \u00e0 relever ainsi que les mesures d\u00e9j\u00e0 prises, avant de proposer des solutions pour la mise en place d\u2019un cadre de gouvernance efficace. A cet \u00e9gard, il est propos\u00e9 de mettre en place un cadre de concertation, de coordination, de planification et de suivi de la mise en \u0153uvre de la feuille de route, compos\u00e9 de trois instances dans lesquelles toutes les parties prenantes seront repr\u00e9sent\u00e9es.<\/p>\n<p>Le Ministre de la Sant\u00e9 et le Ministre de l\u2019\u00c9conomie et des Finances ont pr\u00e9sent\u00e9 une communication conjointe relative aux proc\u00e9dures de mise en \u0153uvre de la strat\u00e9gie nationale de vaccination 2024-2028.<\/p>\n<p>Cette strat\u00e9gie vise \u00e0 am\u00e9liorer les principaux indicateurs li\u00e9s \u00e0 la morbidit\u00e9 et \u00e0 la moralit\u00e9 maternelle et infantile au cours de la p\u00e9riode 2024-2028. Elle se concentre sur :<\/p>\n<p><strong>\u2022 Le renforcement de la coordination entre les parties prenantes et les partenaires ;<\/strong><\/p>\n<p><strong>\u2022 L\u2019am\u00e9lioration de l\u2019acc\u00e8s aux services de vaccination, en particulier dans les zones rurales ;<\/strong><\/p>\n<p><strong>\u2022 L\u2019int\u00e9gration de la Strat\u00e9gie Nationale de Vaccination (SNV) dans le Cadre des D\u00e9penses \u00e0 Moyen Terme (CDMT) afin de garantir un financement cons\u00e9quent et durable.<\/strong><\/p>\n<p>Enfin, le Conseil a pris les mesures individuelles suivantes :<\/p>\n<p>Minist\u00e8re de l\u2019Enseignement Sup\u00e9rieur et de la Recherche Scientifique<\/p>\n<p>Etablissements Publics<\/p>\n<p>Centre National des \u0152uvres Universitaires<\/p>\n<p><strong>&#8211; Directeur : Cheikh Sid\u2019Ahmed El Bekaye Achour Samba Mboyrik, pr\u00e9c\u00e9demment Directeur Administratif de MAADEN Mauritanie ; en remplacement de Mohamed Radhi Sadvena, dont il est mis fin \u00e0 ses fonctions.<\/strong><\/p>\n<p>Minist\u00e8re de l\u2019Environnement et du D\u00e9veloppement Durable<\/p>\n<p>Cabinet du Ministre<\/p>\n<p><strong>&#8211; Conseiller Charg\u00e9 de la Coop\u00e9ration et des Partenariats : Yelly Diawara, pr\u00e9c\u00e9demment Directeur G\u00e9n\u00e9ral de l\u2019Observatoire National de l\u2019environnement et du Littoral<\/strong><\/p>\n<p>Etablissements Publics<\/p>\n<p>Observatoire National de l\u2019Environnement et du Littoral<\/p>\n<p><strong>&#8211; Directeur G\u00e9n\u00e9ral : Mohamed Yahya Chah, pr\u00e9c\u00e9demment Conseiller Charg\u00e9 de la Coop\u00e9ration et des Partenariats<\/strong><\/p>\n<p><strong>&#8211; Directeur G\u00e9n\u00e9ral Adjoint : Dah Brahim Bah<\/strong><\/p>\n<p>Agence Nationale de la Grande Muraille Verte<\/p>\n<p>Directeur G\u00e9n\u00e9ral Adjoint : Abderrahmane Salem Mahmoud, pr\u00e9c\u00e9demment Chef de d\u00e9partement \u00e0 l\u2019Agence Nationale de la Grande Muraille Verte (ANGMV)<\/p>\n","protected":false},"excerpt":{"rendered":"<p>Le Conseil des Ministres s&#8217;est r\u00e9uni le mercredi 16 avril 2025, sous la Pr\u00e9sidence de Son Excellence Monsieur Mohamed Ould Cheikh El-Ghazouani, Pr\u00e9sident de la R\u00e9publique. Le Conseil a examin\u00e9 et adopt\u00e9 les projets de d\u00e9crets suivants : \u2010 Projet de d\u00e9cret portant reconnaissance de l\u2019ONG Centre SAFIA comme \u00ab Association d\u2019utilit\u00e9 Publique \u00bb. Le [&hellip;]<\/p>\n","protected":false},"author":16,"featured_media":268994,"comment_status":"open","ping_status":"open","sticky":false,"template":"","format":"standard","meta":{"footnotes":""},"categories":[63957,63959,63921,63927],"tags":[],"class_list":["post-268993","post","type-post","status-publish","format-standard","has-post-thumbnail","hentry","category-fil-dactualite","category-mauritanie","category-slider-afficher","category-slider-mauritanie"],"_links":{"self":[{"href":"https:\/\/ami.mr\/fr\/wp-json\/wp\/v2\/posts\/268993","targetHints":{"allow":["GET"]}}],"collection":[{"href":"https:\/\/ami.mr\/fr\/wp-json\/wp\/v2\/posts"}],"about":[{"href":"https:\/\/ami.mr\/fr\/wp-json\/wp\/v2\/types\/post"}],"author":[{"embeddable":true,"href":"https:\/\/ami.mr\/fr\/wp-json\/wp\/v2\/users\/16"}],"replies":[{"embeddable":true,"href":"https:\/\/ami.mr\/fr\/wp-json\/wp\/v2\/comments?post=268993"}],"version-history":[{"count":1,"href":"https:\/\/ami.mr\/fr\/wp-json\/wp\/v2\/posts\/268993\/revisions"}],"predecessor-version":[{"id":268995,"href":"https:\/\/ami.mr\/fr\/wp-json\/wp\/v2\/posts\/268993\/revisions\/268995"}],"wp:featuredmedia":[{"embeddable":true,"href":"https:\/\/ami.mr\/fr\/wp-json\/wp\/v2\/media\/268994"}],"wp:attachment":[{"href":"https:\/\/ami.mr\/fr\/wp-json\/wp\/v2\/media?parent=268993"}],"wp:term":[{"taxonomy":"category","embeddable":true,"href":"https:\/\/ami.mr\/fr\/wp-json\/wp\/v2\/categories?post=268993"},{"taxonomy":"post_tag","embeddable":true,"href":"https:\/\/ami.mr\/fr\/wp-json\/wp\/v2\/tags?post=268993"}],"curies":[{"name":"wp","href":"https:\/\/api.w.org\/{rel}","templated":true}]}}