{"id":268943,"date":"2025-04-15T21:27:19","date_gmt":"2025-04-15T21:27:19","guid":{"rendered":"https:\/\/ami.mr\/fr\/?p=268943"},"modified":"2025-04-15T21:27:19","modified_gmt":"2025-04-15T21:27:19","slug":"hodh-chargui-lancement-du-projet-alafia-pour-la-promotion-de-la-sante-mentale-dans-la-moughataa-de-bassiknou","status":"publish","type":"post","link":"https:\/\/ami.mr\/fr\/archives\/268943","title":{"rendered":"Hodh Chargui : Lancement du projet &#8220;Alafia&#8221; pour la promotion de la sant\u00e9 mentale dans la moughataa de Bassiknou"},"content":{"rendered":"<div class=\"cell auto-size\">\n<div class=\"set-border bd-gray padding10 margin10 no-margin-right no-margin-left \" dir=\"ltr\">\n<p>L&#8217;adjoint au hakem de Bassiknou, hakem par int\u00e9rim, M. El Hadj Ould Ali, ainsi que le maire de la commune, M. Mohamed Ould Sidi Hannana, ont supervis\u00e9, mardi, \u00e0 Bassiknou, le lancement du projet &#8220;Al avia&#8221; visant \u00e0 renforcer les services de sant\u00e9 mentale dans les zones frontali\u00e8res, en particulier dans la moughattaa de Bassiknou.<\/p>\n<p>Le projet est mis en \u0153uvre par Terre des Hommes, avec un financement de l&#8217;Union europ\u00e9enne, et vise \u00e0 renforcer les capacit\u00e9s des institutions et des communaut\u00e9s locales \u00e0 planifier et \u00e0 suivre les activit\u00e9s de sant\u00e9 psychosociale, \u00e0 sensibiliser la population locale, les r\u00e9fugi\u00e9s et les personnes d\u00e9plac\u00e9es, et \u00e0 promouvoir des services de sant\u00e9 complets gr\u00e2ce au d\u00e9veloppement d&#8217;infrastructures et \u00e0 l&#8217;int\u00e9gration dans le syst\u00e8me de sant\u00e9 national.<\/p>\n<p>Dans son discours, l&#8217;adjoint du hakem a soulign\u00e9 que la wilaya du Hodh Chargui, et la moughataa de Bassiknou en particulier, est rest\u00e9 un mod\u00e8le de coexistence et d&#8217;accueil des r\u00e9fugi\u00e9s, notant que le projet s&#8217;inscrit dans le cadre des efforts d\u00e9ploy\u00e9s par l&#8217;\u00c9tat pour rapprocher les services de sant\u00e9 des citoyens, conform\u00e9ment aux directives de Son Excellence le Pr\u00e9sident de la R\u00e9publique, M. Mohamed Ould Cheikh El-Ghazouani.<\/p>\n<p>Pour sa part, le coordinateur du projet \u00ab Al Avia \u00bb, M. Ahmedou Niang, a expliqu\u00e9 que cette intervention vient en appui aux efforts des pouvoirs publics dans le domaine de la promotion de la sant\u00e9 mentale, remerciant le gouvernement et le peuple mauritaniens pour leurs efforts humanitaires et de d\u00e9veloppement.<\/p>\n<p>Pour sa part, le maire de la commune de Bassiknou a salu\u00e9 le lancement du projet et s&#8217;est f\u00e9licit\u00e9 de cette intervention qui aura un impact positif sur la sant\u00e9 publique des citoyens et des r\u00e9fugi\u00e9s.<\/p>\n<p>La c\u00e9r\u00e9monie de lancement du projet s&#8217;est d\u00e9roul\u00e9e en pr\u00e9sence du maire de la municipalit\u00e9 de El Megva, des maires adjoints de Fassala et de Dhar, du directeur du bureau du HCR et des chefs des d\u00e9partements concern\u00e9s par la sant\u00e9, l&#8217;autonomisation des jeunes et la soci\u00e9t\u00e9 civile.<\/p>\n<\/div>\n<\/div>\n","protected":false},"excerpt":{"rendered":"<p>L&#8217;adjoint au hakem de Bassiknou, hakem par int\u00e9rim, M. El Hadj Ould Ali, ainsi que le maire de la commune, M. Mohamed Ould Sidi Hannana, ont supervis\u00e9, mardi, \u00e0 Bassiknou, le lancement du projet &#8220;Al avia&#8221; visant \u00e0 renforcer les services de sant\u00e9 mentale dans les zones frontali\u00e8res, en particulier dans la moughattaa de Bassiknou. [&hellip;]<\/p>\n","protected":false},"author":16,"featured_media":268944,"comment_status":"open","ping_status":"open","sticky":false,"template":"","format":"standard","meta":{"footnotes":""},"categories":[63918,63957,8672],"tags":[],"class_list":["post-268943","post","type-post","status-publish","format-standard","has-post-thumbnail","hentry","category-autres","category-fil-dactualite","category-8672"],"_links":{"self":[{"href":"https:\/\/ami.mr\/fr\/wp-json\/wp\/v2\/posts\/268943","targetHints":{"allow":["GET"]}}],"collection":[{"href":"https:\/\/ami.mr\/fr\/wp-json\/wp\/v2\/posts"}],"about":[{"href":"https:\/\/ami.mr\/fr\/wp-json\/wp\/v2\/types\/post"}],"author":[{"embeddable":true,"href":"https:\/\/ami.mr\/fr\/wp-json\/wp\/v2\/users\/16"}],"replies":[{"embeddable":true,"href":"https:\/\/ami.mr\/fr\/wp-json\/wp\/v2\/comments?post=268943"}],"version-history":[{"count":1,"href":"https:\/\/ami.mr\/fr\/wp-json\/wp\/v2\/posts\/268943\/revisions"}],"predecessor-version":[{"id":268945,"href":"https:\/\/ami.mr\/fr\/wp-json\/wp\/v2\/posts\/268943\/revisions\/268945"}],"wp:featuredmedia":[{"embeddable":true,"href":"https:\/\/ami.mr\/fr\/wp-json\/wp\/v2\/media\/268944"}],"wp:attachment":[{"href":"https:\/\/ami.mr\/fr\/wp-json\/wp\/v2\/media?parent=268943"}],"wp:term":[{"taxonomy":"category","embeddable":true,"href":"https:\/\/ami.mr\/fr\/wp-json\/wp\/v2\/categories?post=268943"},{"taxonomy":"post_tag","embeddable":true,"href":"https:\/\/ami.mr\/fr\/wp-json\/wp\/v2\/tags?post=268943"}],"curies":[{"name":"wp","href":"https:\/\/api.w.org\/{rel}","templated":true}]}}