{"id":268863,"date":"2025-04-14T21:28:15","date_gmt":"2025-04-14T21:28:15","guid":{"rendered":"https:\/\/ami.mr\/fr\/?p=268863"},"modified":"2025-04-14T21:28:15","modified_gmt":"2025-04-14T21:28:15","slug":"le-premier-ministre-se-reunit-avec-les-walis-pour-discuter-de-letat-davancement-du-programme-durgence","status":"publish","type":"post","link":"https:\/\/ami.mr\/fr\/archives\/268863","title":{"rendered":"Le premier ministre se r\u00e9unit avec les walis pour discuter de l\u2019\u00e9tat d\u2019avancement du programme d\u2019urgence"},"content":{"rendered":"<div class=\"row\">\n<div class=\"cell auto-size bd-gray\" dir=\"ltr\"><\/div>\n<\/div>\n<div class=\"row\">\n<div class=\"cell auto-size\">\n<div class=\"set-border bd-gray padding10 margin10 no-margin-right no-margin-left \" dir=\"ltr\">\n<p>Le Premier ministre, M. Mokhtar Ould Diay a pr\u00e9sid\u00e9, lundi matin dans la salle de r\u00e9union de la primature, une r\u00e9union avec les walis.<\/p>\n<p>Le Premier ministre a soulign\u00e9 que cette rencontre s\u2019inscrit dans le cadre des instructions de Son Excellence le Pr\u00e9sident de la R\u00e9publique, Monsieur Mohamed Ould Cheikh El-Ghazouani, dans le but de partager avec les walis l\u2019\u00e9tat d\u2019avancement du programme d\u2019urgence visant \u00e0 universaliser l\u2019acc\u00e8s aux services n\u00e9cessaires au d\u00e9veloppement local, et de v\u00e9rifier la conformit\u00e9 des interventions programm\u00e9es aux besoins exprim\u00e9s pour les missions minist\u00e9rielles de planification participative du d\u00e9veloppement. Cette rencontre directe entre les membres du gouvernement et les gouverneurs a pour but d\u2019\u00e9changer sur tous les freins et demandes li\u00e9s \u00e0 leurs secteurs.<\/p>\n<p>Apr\u00e8s avoir entendu la pr\u00e9sentation technique du programme et la m\u00e9thodologie suivie dans sa pr\u00e9paration, le premier ministre a donn\u00e9 la parole aux walis et aux ministres pour r\u00e9pondre aux probl\u00e8mes et questions soulev\u00e9es.<\/p>\n<p>Ensuite, le Premier Ministre a comment\u00e9 en d\u00e9tail les discussions et a engag\u00e9 tout le monde \u00e0 la n\u00e9cessit\u00e9 de coordonner et de travailler dans un esprit d\u2019\u00e9quipe, et de proposer des m\u00e9canismes appropri\u00e9s pour r\u00e9aliser la vision de Son Excellence le Pr\u00e9sident de la R\u00e9publique, M. Mohamed Ould Cheikh El-Ghazouani, de cr\u00e9er un d\u00e9veloppement \u00e9quilibr\u00e9 dans toutes les wilayas du pays.<\/p>\n<p>Enfin, le premier ministre a ordonn\u00e9 aux walis d\u2019\u0153uvrer \u00e0 de rattraper leur retard et d\u2019\u00eatre stricts dans le suivi des processus de pr\u00e9paration et de lancement conduisant \u00e0 la mise en \u0153uvre des travaux conform\u00e9ment aux cahiers d\u2019engagements.<\/p>\n<\/div>\n<\/div>\n<\/div>\n","protected":false},"excerpt":{"rendered":"<p>Le Premier ministre, M. Mokhtar Ould Diay a pr\u00e9sid\u00e9, lundi matin dans la salle de r\u00e9union de la primature, une r\u00e9union avec les walis. Le Premier ministre a soulign\u00e9 que cette rencontre s\u2019inscrit dans le cadre des instructions de Son Excellence le Pr\u00e9sident de la R\u00e9publique, Monsieur Mohamed Ould Cheikh El-Ghazouani, dans le but de [&hellip;]<\/p>\n","protected":false},"author":8,"featured_media":268864,"comment_status":"open","ping_status":"open","sticky":false,"template":"","format":"standard","meta":{"footnotes":""},"categories":[63957,25,63921,63926],"tags":[],"class_list":["post-268863","post","type-post","status-publish","format-standard","has-post-thumbnail","hentry","category-fil-dactualite","category-25","category-slider-afficher","category-slider-general"],"_links":{"self":[{"href":"https:\/\/ami.mr\/fr\/wp-json\/wp\/v2\/posts\/268863","targetHints":{"allow":["GET"]}}],"collection":[{"href":"https:\/\/ami.mr\/fr\/wp-json\/wp\/v2\/posts"}],"about":[{"href":"https:\/\/ami.mr\/fr\/wp-json\/wp\/v2\/types\/post"}],"author":[{"embeddable":true,"href":"https:\/\/ami.mr\/fr\/wp-json\/wp\/v2\/users\/8"}],"replies":[{"embeddable":true,"href":"https:\/\/ami.mr\/fr\/wp-json\/wp\/v2\/comments?post=268863"}],"version-history":[{"count":1,"href":"https:\/\/ami.mr\/fr\/wp-json\/wp\/v2\/posts\/268863\/revisions"}],"predecessor-version":[{"id":268865,"href":"https:\/\/ami.mr\/fr\/wp-json\/wp\/v2\/posts\/268863\/revisions\/268865"}],"wp:featuredmedia":[{"embeddable":true,"href":"https:\/\/ami.mr\/fr\/wp-json\/wp\/v2\/media\/268864"}],"wp:attachment":[{"href":"https:\/\/ami.mr\/fr\/wp-json\/wp\/v2\/media?parent=268863"}],"wp:term":[{"taxonomy":"category","embeddable":true,"href":"https:\/\/ami.mr\/fr\/wp-json\/wp\/v2\/categories?post=268863"},{"taxonomy":"post_tag","embeddable":true,"href":"https:\/\/ami.mr\/fr\/wp-json\/wp\/v2\/tags?post=268863"}],"curies":[{"name":"wp","href":"https:\/\/api.w.org\/{rel}","templated":true}]}}